{"id":93489,"date":"2022-11-13T11:17:43","date_gmt":"2022-11-13T09:17:43","guid":{"rendered":"https:\/\/www.giurgiuveanul.ro\/stiri\/?p=93489"},"modified":"2022-11-13T11:18:10","modified_gmt":"2022-11-13T09:18:10","slug":"giurgiuvean-depistat-aseara-la-volan-sub-influenta-alcoolului","status":"publish","type":"post","link":"https:\/\/www.giurgiuveanul.ro\/stiri\/giurgiuvean-depistat-aseara-la-volan-sub-influenta-alcoolului\/","title":{"rendered":"Giurgiuvean depistat, asear\u0103, la volan, sub influen\u021ba alcoolului"},"content":{"rendered":"<p style=\"text-align: justify;\"><strong><a href=\"https:\/\/www.giurgiuveanul.ro\/stiri\/wp-content\/uploads\/2022\/11\/foto1.jpeg\"><img loading=\"lazy\" decoding=\"async\" class=\"aligncenter wp-image-93490\" src=\"https:\/\/www.giurgiuveanul.ro\/stiri\/wp-content\/uploads\/2022\/11\/foto1-485x450.jpeg\" alt=\"\" width=\"577\" height=\"535\" srcset=\"https:\/\/www.giurgiuveanul.ro\/stiri\/wp-content\/uploads\/2022\/11\/foto1-485x450.jpeg 485w, https:\/\/www.giurgiuveanul.ro\/stiri\/wp-content\/uploads\/2022\/11\/foto1-250x232.jpeg 250w, https:\/\/www.giurgiuveanul.ro\/stiri\/wp-content\/uploads\/2022\/11\/foto1-768x712.jpeg 768w, https:\/\/www.giurgiuveanul.ro\/stiri\/wp-content\/uploads\/2022\/11\/foto1-400x371.jpeg 400w, https:\/\/www.giurgiuveanul.ro\/stiri\/wp-content\/uploads\/2022\/11\/foto1.jpeg 1000w\" sizes=\"auto, (max-width: 577px) 100vw, 577px\" \/><\/a>La data de 12 noiembrie a.c., ora 21.20,<!--more--> un b\u0103rbat, de 35 ani, din comuna Schitu, a fost depistat pe D.C. 108, \u00een afara localit\u0103\u021bii Ghimpa\u021bi, \u00een timp ce conducea un autoturism, afl\u00e2ndu-se sub influen\u021ba b\u0103uturilor alcoolice.<\/strong><\/p>\n<p style=\"text-align: justify;\">Conduc\u0103torul auto a fost testat cu aparatul drager, rezultatul fiind 0,88 mg\/l alcool pur \u00een aerul expirat, motiv pentru care a fost condus la spital, pentru prelevarea mostrelor biologice de s\u00e2nge, \u00een vederea stabilirii cu exactitate a alcoolemiei.<\/p>\n<p style=\"text-align: justify;\">Poli\u021bi\u0219tii au \u00eentocmit dosar penal sub aspectul s\u0103v\u00e2r\u015firii infrac\u0163iunii de conducerea unui autovehicul pe drumurile publice sub influen\u021ba b\u0103uturilor alcoolice.<\/p>\n","protected":false},"excerpt":{"rendered":"<p>La data de 12 noiembrie a.c., ora 21.20,<\/p>\n","protected":false},"author":1,"featured_media":0,"comment_status":"open","ping_status":"open","sticky":false,"template":"","format":"standard","meta":{"footnotes":""},"categories":[6],"tags":[],"class_list":["post-93489","post","type-post","status-publish","format-standard","hentry","category-breaking-news"],"_links":{"self":[{"href":"https:\/\/www.giurgiuveanul.ro\/stiri\/wp-json\/wp\/v2\/posts\/93489","targetHints":{"allow":["GET"]}}],"collection":[{"href":"https:\/\/www.giurgiuveanul.ro\/stiri\/wp-json\/wp\/v2\/posts"}],"about":[{"href":"https:\/\/www.giurgiuveanul.ro\/stiri\/wp-json\/wp\/v2\/types\/post"}],"author":[{"embeddable":true,"href":"https:\/\/www.giurgiuveanul.ro\/stiri\/wp-json\/wp\/v2\/users\/1"}],"replies":[{"embeddable":true,"href":"https:\/\/www.giurgiuveanul.ro\/stiri\/wp-json\/wp\/v2\/comments?post=93489"}],"version-history":[{"count":0,"href":"https:\/\/www.giurgiuveanul.ro\/stiri\/wp-json\/wp\/v2\/posts\/93489\/revisions"}],"wp:attachment":[{"href":"https:\/\/www.giurgiuveanul.ro\/stiri\/wp-json\/wp\/v2\/media?parent=93489"}],"wp:term":[{"taxonomy":"category","embeddable":true,"href":"https:\/\/www.giurgiuveanul.ro\/stiri\/wp-json\/wp\/v2\/categories?post=93489"},{"taxonomy":"post_tag","embeddable":true,"href":"https:\/\/www.giurgiuveanul.ro\/stiri\/wp-json\/wp\/v2\/tags?post=93489"}],"curies":[{"name":"wp","href":"https:\/\/api.w.org\/{rel}","templated":true}]}}