{"id":93494,"date":"2022-11-13T11:35:18","date_gmt":"2022-11-13T09:35:18","guid":{"rendered":"https:\/\/www.giurgiuveanul.ro\/stiri\/?p=93494"},"modified":"2022-11-13T11:37:45","modified_gmt":"2022-11-13T09:37:45","slug":"liga-alesilor-locali-ai-pnl-giurgiu-ce-spune-liderul-liberalilor-giurgiuveni-europarlamentarul-dan-motreanu","status":"publish","type":"post","link":"https:\/\/www.giurgiuveanul.ro\/stiri\/liga-alesilor-locali-ai-pnl-giurgiu-ce-spune-liderul-liberalilor-giurgiuveni-europarlamentarul-dan-motreanu\/","title":{"rendered":"Liga Ale\u0219ilor Locali ai PNL Giurgiu, Ce spune liderul liberalilor giurgiuveni, europarlamentarul Dan Motreanu"},"content":{"rendered":"<p style=\"text-align: justify;\"><strong><a href=\"https:\/\/www.giurgiuveanul.ro\/stiri\/wp-content\/uploads\/2022\/11\/000.jpeg\"><img loading=\"lazy\" decoding=\"async\" class=\"aligncenter wp-image-93495\" src=\"https:\/\/www.giurgiuveanul.ro\/stiri\/wp-content\/uploads\/2022\/11\/000-560x362.jpeg\" alt=\"\" width=\"586\" height=\"379\" srcset=\"https:\/\/www.giurgiuveanul.ro\/stiri\/wp-content\/uploads\/2022\/11\/000-560x362.jpeg 560w, https:\/\/www.giurgiuveanul.ro\/stiri\/wp-content\/uploads\/2022\/11\/000-250x162.jpeg 250w, https:\/\/www.giurgiuveanul.ro\/stiri\/wp-content\/uploads\/2022\/11\/000-768x496.jpeg 768w, https:\/\/www.giurgiuveanul.ro\/stiri\/wp-content\/uploads\/2022\/11\/000-400x259.jpeg 400w, https:\/\/www.giurgiuveanul.ro\/stiri\/wp-content\/uploads\/2022\/11\/000.jpeg 1165w\" sizes=\"auto, (max-width: 586px) 100vw, 586px\" \/><\/a>Rezultatele ob\u021binute \u00een ceea ce prive\u0219te<!--more--> dezvoltarea jude\u021bului Giurgiu, \u00een cei doi ani care au trecut de la alegerile locale, au fost analizate, ieri, \u00een cadrul Ligii Ale\u0219ilor Locali PNL Giurgiu.<\/strong><\/p>\n<p><a href=\"https:\/\/www.giurgiuveanul.ro\/stiri\/wp-content\/uploads\/2022\/11\/2-2.jpg\"><img loading=\"lazy\" decoding=\"async\" class=\"aligncenter wp-image-93497\" src=\"https:\/\/www.giurgiuveanul.ro\/stiri\/wp-content\/uploads\/2022\/11\/2-2-560x366.jpg\" alt=\"\" width=\"575\" height=\"376\" srcset=\"https:\/\/www.giurgiuveanul.ro\/stiri\/wp-content\/uploads\/2022\/11\/2-2-560x366.jpg 560w, https:\/\/www.giurgiuveanul.ro\/stiri\/wp-content\/uploads\/2022\/11\/2-2-250x163.jpg 250w, https:\/\/www.giurgiuveanul.ro\/stiri\/wp-content\/uploads\/2022\/11\/2-2-768x502.jpg 768w, https:\/\/www.giurgiuveanul.ro\/stiri\/wp-content\/uploads\/2022\/11\/2-2-1536x1004.jpg 1536w, https:\/\/www.giurgiuveanul.ro\/stiri\/wp-content\/uploads\/2022\/11\/2-2-400x261.jpg 400w, https:\/\/www.giurgiuveanul.ro\/stiri\/wp-content\/uploads\/2022\/11\/2-2.jpg 2048w\" sizes=\"auto, (max-width: 575px) 100vw, 575px\" \/><\/a> <a href=\"https:\/\/www.giurgiuveanul.ro\/stiri\/wp-content\/uploads\/2022\/11\/3-2.jpg\"><img loading=\"lazy\" decoding=\"async\" class=\"aligncenter wp-image-93498\" src=\"https:\/\/www.giurgiuveanul.ro\/stiri\/wp-content\/uploads\/2022\/11\/3-2-532x450.jpg\" alt=\"\" width=\"571\" height=\"483\" srcset=\"https:\/\/www.giurgiuveanul.ro\/stiri\/wp-content\/uploads\/2022\/11\/3-2-532x450.jpg 532w, https:\/\/www.giurgiuveanul.ro\/stiri\/wp-content\/uploads\/2022\/11\/3-2-250x211.jpg 250w, https:\/\/www.giurgiuveanul.ro\/stiri\/wp-content\/uploads\/2022\/11\/3-2-768x649.jpg 768w, https:\/\/www.giurgiuveanul.ro\/stiri\/wp-content\/uploads\/2022\/11\/3-2-1536x1298.jpg 1536w, https:\/\/www.giurgiuveanul.ro\/stiri\/wp-content\/uploads\/2022\/11\/3-2-400x338.jpg 400w, https:\/\/www.giurgiuveanul.ro\/stiri\/wp-content\/uploads\/2022\/11\/3-2.jpg 2048w\" sizes=\"auto, (max-width: 571px) 100vw, 571px\" \/><\/a><\/p>\n<p style=\"text-align: justify;\"><em>\u201eAm fost al\u0103turi de ale\u0219ii locali din jude\u021bul Giurgiu, pentru a sublinia c\u0103 m-am implicat \u0219i m\u0103 voi implica \u00een continuare \u00een sprijinirea proiectelor locale, \u00een calitate de pre\u0219edinte al PNL Giurgiu. Le-am mul\u021bumit ale\u0219ilor locali, parlamentarilor \u0219i func\u021bionarilor din administra\u021bia local\u0103 pentru d\u0103ruirea cu care s-au implicat \u00een realizarea proiectelor pentru dezvoltarea jude\u021bului. Ac\u021bion\u0103m \u00een echip\u0103 \u0219i atragem at\u00e2t fonduri na\u021bionale, c\u00e2t \u0219i fonduri europene, pentru dezvoltarea jude\u021bului. \u00cen acela\u0219i timp, \u00eencerc\u0103m s\u0103 atragem investitori, pentru a cre\u0219te veniturile bugetului. Ale\u0219ii locali sunt importan\u021bi pentru c\u0103 ei sunt \u00een prima linie a rezolv\u0103rii\u00a0 problemelor cet\u0103\u021benilor, de aici trebuie s\u0103 vin\u0103 ideile, solu\u021biile, proiectele, pentru \u00eembun\u0103t\u0103\u021birea vie\u021bilor cet\u0103\u021benilor din comunit\u0103\u021bile pe care le reprezent\u0103m. Le-am mul\u021bumit colegilor mei din administra\u021bia local\u0103 pentru c\u0103 au administrat foarte bine comunit\u0103\u021bile pe care le reprezint\u0103, \u00eentr-o perioad\u0103 grea, dominat\u0103 de pandemie, r\u0103zboi \u0219i criza pre\u021burilor. Din p\u0103cate, comunit\u0103\u021bile noastre, la fel ca multe altele din Rom\u00e2nia, nu au \u00eenc\u0103 resursele necesare, pentru a-\u0219i duce la \u00eendeplinirea toate obiectivele. De multe ori, nu au resursele necesare nici pentru serviciile de baz\u0103 ale comunit\u0103\u021bilor. Avem rezultate, dar mai sunt multe lucruri de f\u0103cut. Le-am propus colegilor mei patru direc\u021bii de ac\u021biune: atragerea de investi\u021bii pentru crearea de locuri de munc\u0103,\u00a0 Implicarea \u00een actul educa\u021bional, \u00eencurajarea asocierii \u0219i particip\u0103rii administra\u021biilor locale, rec\u00e2\u0219tigarea spiritului comunitar. Am f\u0103cut eforturi imense pentru a prezenta oportunit\u0103\u021bile pe care le avem ca jude\u021b. M-am \u00eent\u00e2lnit la Bruxelles, la Bucure\u0219ti cu poten\u021biali investitori. \u00cen cei patru ani anteriori de administra\u021bie PSD, a crescut decalajul de dezvoltare \u00een defavoarea jude\u021bului Giurgiu, pe to\u021bi indicatorii: num\u0103r de locuri de munc\u0103, PIB pe cap de locuitor, clasamentele \u00een educa\u021bie sau serviciile de s\u0103n\u0103tate. Este important s\u0103 investim foarte mult \u00een educa\u021bie. Nu putem aduce investi\u021bii, dac\u0103 nu avem for\u021b\u0103 de munc\u0103 bine preg\u0103tit\u0103. Trebuie s\u0103 repunem \u00een valoare \u0219colile profesionale, \u0219colile duale, pentru ca tinerii no\u0219tri s\u0103 aib\u0103 o meserie \u0219i s\u0103 oferim investitorilor oportunitatea unei for\u021be de munc\u0103 bine preg\u0103tite. Le-am cerut ale\u0219ilor locali s\u0103 fie foarte implica\u021bi \u00een ceea ce prive\u0219te accesul anumitor persoane \u00een \u0219coli, s\u0103 demareze preg\u0103tirea pentru sprijinirea elevilor\u00a0 \u00een pentru bacalaureat \u0219i capacitate, pentru a ie\u0219i de pe ultimele locuri din clasamentul na\u021bional, s\u0103 verifice prezen\u021ba elevilor \u0219i a profesorilor la \u0219coal\u0103<\/em>\u201d, a declarat liderul PNL Giurgiu, <strong>europarlamentarul Dan Motreanu<\/strong>.<\/p>\n<p><a href=\"https:\/\/www.giurgiuveanul.ro\/stiri\/wp-content\/uploads\/2022\/11\/4-1.jpg\"><img loading=\"lazy\" decoding=\"async\" class=\"aligncenter wp-image-93499\" src=\"https:\/\/www.giurgiuveanul.ro\/stiri\/wp-content\/uploads\/2022\/11\/4-1-560x408.jpg\" alt=\"\" width=\"582\" height=\"424\" srcset=\"https:\/\/www.giurgiuveanul.ro\/stiri\/wp-content\/uploads\/2022\/11\/4-1-560x408.jpg 560w, https:\/\/www.giurgiuveanul.ro\/stiri\/wp-content\/uploads\/2022\/11\/4-1-250x182.jpg 250w, https:\/\/www.giurgiuveanul.ro\/stiri\/wp-content\/uploads\/2022\/11\/4-1-768x560.jpg 768w, https:\/\/www.giurgiuveanul.ro\/stiri\/wp-content\/uploads\/2022\/11\/4-1-1536x1120.jpg 1536w, https:\/\/www.giurgiuveanul.ro\/stiri\/wp-content\/uploads\/2022\/11\/4-1-400x292.jpg 400w, https:\/\/www.giurgiuveanul.ro\/stiri\/wp-content\/uploads\/2022\/11\/4-1.jpg 2048w\" sizes=\"auto, (max-width: 582px) 100vw, 582px\" \/><\/a> <a href=\"https:\/\/www.giurgiuveanul.ro\/stiri\/wp-content\/uploads\/2022\/11\/5-1.jpg\"><img loading=\"lazy\" decoding=\"async\" class=\"aligncenter wp-image-93500\" src=\"https:\/\/www.giurgiuveanul.ro\/stiri\/wp-content\/uploads\/2022\/11\/5-1-560x285.jpg\" alt=\"\" width=\"578\" height=\"294\" srcset=\"https:\/\/www.giurgiuveanul.ro\/stiri\/wp-content\/uploads\/2022\/11\/5-1-560x285.jpg 560w, https:\/\/www.giurgiuveanul.ro\/stiri\/wp-content\/uploads\/2022\/11\/5-1-250x127.jpg 250w, https:\/\/www.giurgiuveanul.ro\/stiri\/wp-content\/uploads\/2022\/11\/5-1-768x392.jpg 768w, https:\/\/www.giurgiuveanul.ro\/stiri\/wp-content\/uploads\/2022\/11\/5-1-1536x783.jpg 1536w, https:\/\/www.giurgiuveanul.ro\/stiri\/wp-content\/uploads\/2022\/11\/5-1-400x204.jpg 400w, https:\/\/www.giurgiuveanul.ro\/stiri\/wp-content\/uploads\/2022\/11\/5-1.jpg 2048w\" sizes=\"auto, (max-width: 578px) 100vw, 578px\" \/><\/a> <a href=\"https:\/\/www.giurgiuveanul.ro\/stiri\/wp-content\/uploads\/2022\/11\/6-1.jpg\"><img loading=\"lazy\" decoding=\"async\" class=\"aligncenter wp-image-93501\" src=\"https:\/\/www.giurgiuveanul.ro\/stiri\/wp-content\/uploads\/2022\/11\/6-1-560x349.jpg\" alt=\"\" width=\"578\" height=\"360\" srcset=\"https:\/\/www.giurgiuveanul.ro\/stiri\/wp-content\/uploads\/2022\/11\/6-1-560x349.jpg 560w, https:\/\/www.giurgiuveanul.ro\/stiri\/wp-content\/uploads\/2022\/11\/6-1-250x156.jpg 250w, https:\/\/www.giurgiuveanul.ro\/stiri\/wp-content\/uploads\/2022\/11\/6-1-768x479.jpg 768w, https:\/\/www.giurgiuveanul.ro\/stiri\/wp-content\/uploads\/2022\/11\/6-1-1536x958.jpg 1536w, https:\/\/www.giurgiuveanul.ro\/stiri\/wp-content\/uploads\/2022\/11\/6-1-400x249.jpg 400w, https:\/\/www.giurgiuveanul.ro\/stiri\/wp-content\/uploads\/2022\/11\/6-1.jpg 2048w\" sizes=\"auto, (max-width: 578px) 100vw, 578px\" \/><\/a><\/p>\n<p>&nbsp;<\/p>\n","protected":false},"excerpt":{"rendered":"<p>Rezultatele ob\u021binute \u00een ceea ce prive\u0219te<\/p>\n","protected":false},"author":1,"featured_media":0,"comment_status":"open","ping_status":"open","sticky":false,"template":"","format":"standard","meta":{"footnotes":""},"categories":[6],"tags":[],"class_list":["post-93494","post","type-post","status-publish","format-standard","hentry","category-breaking-news"],"_links":{"self":[{"href":"https:\/\/www.giurgiuveanul.ro\/stiri\/wp-json\/wp\/v2\/posts\/93494","targetHints":{"allow":["GET"]}}],"collection":[{"href":"https:\/\/www.giurgiuveanul.ro\/stiri\/wp-json\/wp\/v2\/posts"}],"about":[{"href":"https:\/\/www.giurgiuveanul.ro\/stiri\/wp-json\/wp\/v2\/types\/post"}],"author":[{"embeddable":true,"href":"https:\/\/www.giurgiuveanul.ro\/stiri\/wp-json\/wp\/v2\/users\/1"}],"replies":[{"embeddable":true,"href":"https:\/\/www.giurgiuveanul.ro\/stiri\/wp-json\/wp\/v2\/comments?post=93494"}],"version-history":[{"count":0,"href":"https:\/\/www.giurgiuveanul.ro\/stiri\/wp-json\/wp\/v2\/posts\/93494\/revisions"}],"wp:attachment":[{"href":"https:\/\/www.giurgiuveanul.ro\/stiri\/wp-json\/wp\/v2\/media?parent=93494"}],"wp:term":[{"taxonomy":"category","embeddable":true,"href":"https:\/\/www.giurgiuveanul.ro\/stiri\/wp-json\/wp\/v2\/categories?post=93494"},{"taxonomy":"post_tag","embeddable":true,"href":"https:\/\/www.giurgiuveanul.ro\/stiri\/wp-json\/wp\/v2\/tags?post=93494"}],"curies":[{"name":"wp","href":"https:\/\/api.w.org\/{rel}","templated":true}]}}