{"id":93505,"date":"2022-11-13T11:46:13","date_gmt":"2022-11-13T09:46:13","guid":{"rendered":"https:\/\/www.giurgiuveanul.ro\/stiri\/?p=93505"},"modified":"2022-11-13T11:46:13","modified_gmt":"2022-11-13T09:46:13","slug":"accident-rutier-la-marsa-soldat-cu-o-victima-foto","status":"publish","type":"post","link":"https:\/\/www.giurgiuveanul.ro\/stiri\/accident-rutier-la-marsa-soldat-cu-o-victima-foto\/","title":{"rendered":"Accident rutier la M\u00e2r\u0219a, soldat cu o victim\u0103 (FOTO)"},"content":{"rendered":"<p style=\"text-align: justify;\"><strong><a href=\"https:\/\/www.giurgiuveanul.ro\/stiri\/wp-content\/uploads\/2022\/11\/WhatsApp-Image-2022-11-12-at-20.04.10.jpeg\"><img loading=\"lazy\" decoding=\"async\" class=\"aligncenter  wp-image-93506\" src=\"https:\/\/www.giurgiuveanul.ro\/stiri\/wp-content\/uploads\/2022\/11\/WhatsApp-Image-2022-11-12-at-20.04.10-560x370.jpeg\" alt=\"\" width=\"584\" height=\"386\" srcset=\"https:\/\/www.giurgiuveanul.ro\/stiri\/wp-content\/uploads\/2022\/11\/WhatsApp-Image-2022-11-12-at-20.04.10-560x370.jpeg 560w, https:\/\/www.giurgiuveanul.ro\/stiri\/wp-content\/uploads\/2022\/11\/WhatsApp-Image-2022-11-12-at-20.04.10-250x165.jpeg 250w, https:\/\/www.giurgiuveanul.ro\/stiri\/wp-content\/uploads\/2022\/11\/WhatsApp-Image-2022-11-12-at-20.04.10-768x507.jpeg 768w, https:\/\/www.giurgiuveanul.ro\/stiri\/wp-content\/uploads\/2022\/11\/WhatsApp-Image-2022-11-12-at-20.04.10-1536x1015.jpeg 1536w, https:\/\/www.giurgiuveanul.ro\/stiri\/wp-content\/uploads\/2022\/11\/WhatsApp-Image-2022-11-12-at-20.04.10-400x264.jpeg 400w, https:\/\/www.giurgiuveanul.ro\/stiri\/wp-content\/uploads\/2022\/11\/WhatsApp-Image-2022-11-12-at-20.04.10.jpeg 1904w\" sizes=\"auto, (max-width: 584px) 100vw, 584px\" \/><\/a>Un accident rutier s-a produs \u00een localitatea M\u00e2r\u0219a. Evenimentul<!--more--> a avut loc asear\u0103, fiind implicate trei autoturisme. Dou\u0103 dintre acestea erau sta\u021bionate, informeaz\u0103 ISU Giurgiu.<\/strong><\/p>\n<p style=\"text-align: justify;\">La fa\u021ba locului s-au deplasat pompierii din cadrul G\u0103rzii de Interven\u021bie Roata de Jos, cu o autospecial\u0103 de stingere \u0219i o ambulan\u021b\u0103 SMURD.<\/p>\n<p style=\"text-align: justify;\">Ace\u0219tia au g\u0103sit unul dintre autoturisme r\u0103sturnat pe plafon. Conduc\u0103torul auto, un t\u00e2n\u0103r \u00een v\u00e2rst\u0103 de 21 de ani, a avut nevoie de \u00eengrijiri medicale \u0219i a fost transportat la spital.<\/p>\n<p style=\"text-align: justify;\">Pompierii au asigurat m\u0103surile de prevenire a incendiilor.<\/p>\n<p style=\"text-align: justify;\">Cazul a r\u0103mas \u00een aten\u021bia Poli\u021biei pentru cercet\u0103ri.<\/p>\n","protected":false},"excerpt":{"rendered":"<p>Un accident rutier s-a produs \u00een localitatea M\u00e2r\u0219a. Evenimentul<\/p>\n","protected":false},"author":1,"featured_media":0,"comment_status":"open","ping_status":"open","sticky":false,"template":"","format":"standard","meta":{"footnotes":""},"categories":[6],"tags":[],"class_list":["post-93505","post","type-post","status-publish","format-standard","hentry","category-breaking-news"],"_links":{"self":[{"href":"https:\/\/www.giurgiuveanul.ro\/stiri\/wp-json\/wp\/v2\/posts\/93505","targetHints":{"allow":["GET"]}}],"collection":[{"href":"https:\/\/www.giurgiuveanul.ro\/stiri\/wp-json\/wp\/v2\/posts"}],"about":[{"href":"https:\/\/www.giurgiuveanul.ro\/stiri\/wp-json\/wp\/v2\/types\/post"}],"author":[{"embeddable":true,"href":"https:\/\/www.giurgiuveanul.ro\/stiri\/wp-json\/wp\/v2\/users\/1"}],"replies":[{"embeddable":true,"href":"https:\/\/www.giurgiuveanul.ro\/stiri\/wp-json\/wp\/v2\/comments?post=93505"}],"version-history":[{"count":0,"href":"https:\/\/www.giurgiuveanul.ro\/stiri\/wp-json\/wp\/v2\/posts\/93505\/revisions"}],"wp:attachment":[{"href":"https:\/\/www.giurgiuveanul.ro\/stiri\/wp-json\/wp\/v2\/media?parent=93505"}],"wp:term":[{"taxonomy":"category","embeddable":true,"href":"https:\/\/www.giurgiuveanul.ro\/stiri\/wp-json\/wp\/v2\/categories?post=93505"},{"taxonomy":"post_tag","embeddable":true,"href":"https:\/\/www.giurgiuveanul.ro\/stiri\/wp-json\/wp\/v2\/tags?post=93505"}],"curies":[{"name":"wp","href":"https:\/\/api.w.org\/{rel}","templated":true}]}}