{"id":93512,"date":"2022-11-14T15:56:13","date_gmt":"2022-11-14T13:56:13","guid":{"rendered":"https:\/\/www.giurgiuveanul.ro\/stiri\/?p=93512"},"modified":"2022-11-14T15:57:02","modified_gmt":"2022-11-14T13:57:02","slug":"accident-rutier-la-mihailesti-soldat-cu-o-victima-foto","status":"publish","type":"post","link":"https:\/\/www.giurgiuveanul.ro\/stiri\/accident-rutier-la-mihailesti-soldat-cu-o-victima-foto\/","title":{"rendered":"Accident rutier la Mih\u0103ile\u015fti, soldat cu o victim\u0103 (FOTO)"},"content":{"rendered":"<p style=\"text-align: justify;\"><strong><a href=\"https:\/\/www.giurgiuveanul.ro\/stiri\/wp-content\/uploads\/2022\/11\/WhatsApp-Image-2022-11-14-at-12.49.20.jpeg\"><img loading=\"lazy\" decoding=\"async\" class=\"aligncenter wp-image-93513\" src=\"https:\/\/www.giurgiuveanul.ro\/stiri\/wp-content\/uploads\/2022\/11\/WhatsApp-Image-2022-11-14-at-12.49.20-560x368.jpeg\" alt=\"\" width=\"575\" height=\"378\" srcset=\"https:\/\/www.giurgiuveanul.ro\/stiri\/wp-content\/uploads\/2022\/11\/WhatsApp-Image-2022-11-14-at-12.49.20-560x368.jpeg 560w, https:\/\/www.giurgiuveanul.ro\/stiri\/wp-content\/uploads\/2022\/11\/WhatsApp-Image-2022-11-14-at-12.49.20-250x164.jpeg 250w, https:\/\/www.giurgiuveanul.ro\/stiri\/wp-content\/uploads\/2022\/11\/WhatsApp-Image-2022-11-14-at-12.49.20-768x505.jpeg 768w, https:\/\/www.giurgiuveanul.ro\/stiri\/wp-content\/uploads\/2022\/11\/WhatsApp-Image-2022-11-14-at-12.49.20-400x263.jpeg 400w, https:\/\/www.giurgiuveanul.ro\/stiri\/wp-content\/uploads\/2022\/11\/WhatsApp-Image-2022-11-14-at-12.49.20.jpeg 1236w\" sizes=\"auto, (max-width: 575px) 100vw, 575px\" \/><\/a>Ast\u0103zi<!--more--> s-a produs un accident rutier, pe DN6, \u00een ora\u0219ul Mihaile\u0219ti. Au fost implicate un autoturism \u0219i o autoutilitar\u0103, \u00een care se aflau doar \u0219oferii, potrivit ISU Giurgiu.<\/strong><\/p>\n<p><a href=\"https:\/\/www.giurgiuveanul.ro\/stiri\/wp-content\/uploads\/2022\/11\/WhatsApp-Image-2022-11-14-at-12.49.20-1.jpeg\"><img loading=\"lazy\" decoding=\"async\" class=\"aligncenter  wp-image-93516\" src=\"https:\/\/www.giurgiuveanul.ro\/stiri\/wp-content\/uploads\/2022\/11\/WhatsApp-Image-2022-11-14-at-12.49.20-1-560x377.jpeg\" alt=\"\" width=\"566\" height=\"381\" srcset=\"https:\/\/www.giurgiuveanul.ro\/stiri\/wp-content\/uploads\/2022\/11\/WhatsApp-Image-2022-11-14-at-12.49.20-1-560x377.jpeg 560w, https:\/\/www.giurgiuveanul.ro\/stiri\/wp-content\/uploads\/2022\/11\/WhatsApp-Image-2022-11-14-at-12.49.20-1-250x168.jpeg 250w, https:\/\/www.giurgiuveanul.ro\/stiri\/wp-content\/uploads\/2022\/11\/WhatsApp-Image-2022-11-14-at-12.49.20-1-768x517.jpeg 768w, https:\/\/www.giurgiuveanul.ro\/stiri\/wp-content\/uploads\/2022\/11\/WhatsApp-Image-2022-11-14-at-12.49.20-1-400x269.jpeg 400w, https:\/\/www.giurgiuveanul.ro\/stiri\/wp-content\/uploads\/2022\/11\/WhatsApp-Image-2022-11-14-at-12.49.20-1.jpeg 1200w\" sizes=\"auto, (max-width: 566px) 100vw, 566px\" \/><\/a><\/p>\n<p style=\"text-align: justify;\">La fa\u021ba locului s-au deplasat pompierii din cadrul G\u0103rzii de Interven\u021bie Mih\u0103ile\u0219ti cu o autospecial\u0103 de stingere \u0219i o ambulan\u021b\u0103.<\/p>\n<p style=\"text-align: justify;\">Conduc\u0103torul autoturismului, \u00een v\u00e2rst\u0103 de aproximativ 30 de ani, a avut nevoie de \u00eengrijiri medicale \u0219i a fost transportat la spital.<\/p>\n<p style=\"text-align: justify;\">Pompierii au asigurat m\u0103surile de prevenire a incendiilor prin deconectarea bornelor de la bateria autoturismului.<\/p>\n","protected":false},"excerpt":{"rendered":"<p>Ast\u0103zi<\/p>\n","protected":false},"author":1,"featured_media":0,"comment_status":"open","ping_status":"open","sticky":false,"template":"","format":"standard","meta":{"footnotes":""},"categories":[6],"tags":[],"class_list":["post-93512","post","type-post","status-publish","format-standard","hentry","category-breaking-news"],"_links":{"self":[{"href":"https:\/\/www.giurgiuveanul.ro\/stiri\/wp-json\/wp\/v2\/posts\/93512","targetHints":{"allow":["GET"]}}],"collection":[{"href":"https:\/\/www.giurgiuveanul.ro\/stiri\/wp-json\/wp\/v2\/posts"}],"about":[{"href":"https:\/\/www.giurgiuveanul.ro\/stiri\/wp-json\/wp\/v2\/types\/post"}],"author":[{"embeddable":true,"href":"https:\/\/www.giurgiuveanul.ro\/stiri\/wp-json\/wp\/v2\/users\/1"}],"replies":[{"embeddable":true,"href":"https:\/\/www.giurgiuveanul.ro\/stiri\/wp-json\/wp\/v2\/comments?post=93512"}],"version-history":[{"count":0,"href":"https:\/\/www.giurgiuveanul.ro\/stiri\/wp-json\/wp\/v2\/posts\/93512\/revisions"}],"wp:attachment":[{"href":"https:\/\/www.giurgiuveanul.ro\/stiri\/wp-json\/wp\/v2\/media?parent=93512"}],"wp:term":[{"taxonomy":"category","embeddable":true,"href":"https:\/\/www.giurgiuveanul.ro\/stiri\/wp-json\/wp\/v2\/categories?post=93512"},{"taxonomy":"post_tag","embeddable":true,"href":"https:\/\/www.giurgiuveanul.ro\/stiri\/wp-json\/wp\/v2\/tags?post=93512"}],"curies":[{"name":"wp","href":"https:\/\/api.w.org\/{rel}","templated":true}]}}