{"id":93518,"date":"2022-11-14T17:27:57","date_gmt":"2022-11-14T15:27:57","guid":{"rendered":"https:\/\/www.giurgiuveanul.ro\/stiri\/?p=93518"},"modified":"2022-11-14T17:27:57","modified_gmt":"2022-11-14T15:27:57","slug":"giurgiuvean-depistat-la-volan-fara-drept-de-a-conduce-si-sub-influenta-bauturilor-alcoolice-acesta-a-refuzat-recoltarea-probelor-biologice","status":"publish","type":"post","link":"https:\/\/www.giurgiuveanul.ro\/stiri\/giurgiuvean-depistat-la-volan-fara-drept-de-a-conduce-si-sub-influenta-bauturilor-alcoolice-acesta-a-refuzat-recoltarea-probelor-biologice\/","title":{"rendered":"Giurgiuvean depistat la volan f\u0103r\u0103 drept de a conduce \u015fi sub influen\u0163a b\u0103uturilor alcoolice, acesta a refuzat recoltarea probelor biologice"},"content":{"rendered":"<p style=\"text-align: justify;\"><a href=\"https:\/\/www.giurgiuveanul.ro\/stiri\/wp-content\/uploads\/2022\/10\/Alcoolemie.jpg\"><img loading=\"lazy\" decoding=\"async\" class=\"aligncenter  wp-image-93155\" src=\"https:\/\/www.giurgiuveanul.ro\/stiri\/wp-content\/uploads\/2022\/10\/Alcoolemie-560x308.jpg\" alt=\"\" width=\"569\" height=\"313\" srcset=\"https:\/\/www.giurgiuveanul.ro\/stiri\/wp-content\/uploads\/2022\/10\/Alcoolemie-560x308.jpg 560w, https:\/\/www.giurgiuveanul.ro\/stiri\/wp-content\/uploads\/2022\/10\/Alcoolemie-250x137.jpg 250w, https:\/\/www.giurgiuveanul.ro\/stiri\/wp-content\/uploads\/2022\/10\/Alcoolemie-400x220.jpg 400w, https:\/\/www.giurgiuveanul.ro\/stiri\/wp-content\/uploads\/2022\/10\/Alcoolemie.jpg 655w\" sizes=\"auto, (max-width: 569px) 100vw, 569px\" \/><\/a>La data de<!--more--> 13 noiembrie a.c., ora 16.20, poli\u021bi\u0219tii Sec\u021biei Nr.3 Poli\u021bie Rural\u0103 Bolintin Vale au depistat, \u00een comuna Joi\u021ba, jude\u021bul Giurgiu, un b\u0103rbat, de 48 de ani, din comuna Cosoba, \u00een timp ce conducea un autoturism, f\u0103r\u0103 a poseda permis de conducere \u0219i afl\u00e2ndu-se sub influen\u021ba b\u0103uturilor alcoolice.<\/p>\n<p style=\"text-align: justify;\">\n<p style=\"text-align: justify;\">\u00cen urma test\u0103rii cu aparatul drager, acesta a indicat valoarea de 0.86 mg\/l \u00een aerul expirat, refuz\u00e2nd recoltarea probelor biologice de s\u00e2nge.<\/p>\n<p style=\"text-align: justify;\">\n<p style=\"text-align: justify;\">\u00cen cauz\u0103, a fost \u00eentocmit dosar penal sub aspectul s\u0103v\u00e2r\u0219irii infrac\u021biunilor de conducerea unui vehicul f\u0103r\u0103 permis de conducere \u0219i refuzul sau sustragerea de la prelevarea de mostre biologice.<\/p>\n","protected":false},"excerpt":{"rendered":"<p>La data de<\/p>\n","protected":false},"author":1,"featured_media":0,"comment_status":"open","ping_status":"open","sticky":false,"template":"","format":"standard","meta":{"footnotes":""},"categories":[6],"tags":[],"class_list":["post-93518","post","type-post","status-publish","format-standard","hentry","category-breaking-news"],"_links":{"self":[{"href":"https:\/\/www.giurgiuveanul.ro\/stiri\/wp-json\/wp\/v2\/posts\/93518","targetHints":{"allow":["GET"]}}],"collection":[{"href":"https:\/\/www.giurgiuveanul.ro\/stiri\/wp-json\/wp\/v2\/posts"}],"about":[{"href":"https:\/\/www.giurgiuveanul.ro\/stiri\/wp-json\/wp\/v2\/types\/post"}],"author":[{"embeddable":true,"href":"https:\/\/www.giurgiuveanul.ro\/stiri\/wp-json\/wp\/v2\/users\/1"}],"replies":[{"embeddable":true,"href":"https:\/\/www.giurgiuveanul.ro\/stiri\/wp-json\/wp\/v2\/comments?post=93518"}],"version-history":[{"count":0,"href":"https:\/\/www.giurgiuveanul.ro\/stiri\/wp-json\/wp\/v2\/posts\/93518\/revisions"}],"wp:attachment":[{"href":"https:\/\/www.giurgiuveanul.ro\/stiri\/wp-json\/wp\/v2\/media?parent=93518"}],"wp:term":[{"taxonomy":"category","embeddable":true,"href":"https:\/\/www.giurgiuveanul.ro\/stiri\/wp-json\/wp\/v2\/categories?post=93518"},{"taxonomy":"post_tag","embeddable":true,"href":"https:\/\/www.giurgiuveanul.ro\/stiri\/wp-json\/wp\/v2\/tags?post=93518"}],"curies":[{"name":"wp","href":"https:\/\/api.w.org\/{rel}","templated":true}]}}