{"id":93520,"date":"2022-11-14T17:51:44","date_gmt":"2022-11-14T15:51:44","guid":{"rendered":"https:\/\/www.giurgiuveanul.ro\/stiri\/?p=93520"},"modified":"2022-11-14T17:52:23","modified_gmt":"2022-11-14T15:52:23","slug":"in-acest-weekend-concert-nicola-in-giurgiu-la-trattoria-di-centro","status":"publish","type":"post","link":"https:\/\/www.giurgiuveanul.ro\/stiri\/in-acest-weekend-concert-nicola-in-giurgiu-la-trattoria-di-centro\/","title":{"rendered":"\u00cen acest weekend, concert Nicola, \u00een Giurgiu, \u201eLa Trattoria di Centro\u201d!"},"content":{"rendered":"<p style=\"text-align: justify;\"><strong><a href=\"https:\/\/www.giurgiuveanul.ro\/stiri\/wp-content\/uploads\/2022\/11\/312081544_1261275954415532_8203766240122312752_n.jpg\"><img loading=\"lazy\" decoding=\"async\" class=\"aligncenter wp-image-93521\" src=\"https:\/\/www.giurgiuveanul.ro\/stiri\/wp-content\/uploads\/2022\/11\/312081544_1261275954415532_8203766240122312752_n-318x450.jpg\" alt=\"\" width=\"567\" height=\"803\" srcset=\"https:\/\/www.giurgiuveanul.ro\/stiri\/wp-content\/uploads\/2022\/11\/312081544_1261275954415532_8203766240122312752_n-318x450.jpg 318w, https:\/\/www.giurgiuveanul.ro\/stiri\/wp-content\/uploads\/2022\/11\/312081544_1261275954415532_8203766240122312752_n-212x300.jpg 212w, https:\/\/www.giurgiuveanul.ro\/stiri\/wp-content\/uploads\/2022\/11\/312081544_1261275954415532_8203766240122312752_n-768x1086.jpg 768w, https:\/\/www.giurgiuveanul.ro\/stiri\/wp-content\/uploads\/2022\/11\/312081544_1261275954415532_8203766240122312752_n-1086x1536.jpg 1086w, https:\/\/www.giurgiuveanul.ro\/stiri\/wp-content\/uploads\/2022\/11\/312081544_1261275954415532_8203766240122312752_n-400x566.jpg 400w, https:\/\/www.giurgiuveanul.ro\/stiri\/wp-content\/uploads\/2022\/11\/312081544_1261275954415532_8203766240122312752_n.jpg 1131w\" sizes=\"auto, (max-width: 567px) 100vw, 567px\" \/><\/a>\u201eLa Trattoria di Centro\u201d<\/strong><!--more--> v-a preg\u0103tit un concert memorabil al\u0103turi de o artist\u0103 ce ne-a reprezentat, cu c\u00e2\u0163iva ani \u00een urm\u0103, la Eurovision.<\/p>\n<p style=\"text-align: justify;\">A\u015fadar, <strong>vineri, 18 noiembrie 2022, cu \u00eencepere de la ora 20.00<\/strong>, muzic\u0103 live cu Nicola, \u00eendr\u0103gita c\u00e2nt\u0103rea\u0163\u0103 de muzic\u0103 pop.<\/p>\n<p style=\"text-align: justify;\"><strong>Invitat special Emil Chican<\/strong>.<\/p>\n<p style=\"text-align: justify;\">Pre\u0163 bilet: <strong>60 de lei\/persoan\u0103.<\/strong><\/p>\n<p style=\"text-align: justify;\">Rezerv\u0103ri la telefoanele: <strong>0765.480.488, 0723.728.183<\/strong>.<\/p>\n","protected":false},"excerpt":{"rendered":"<p>\u201eLa Trattoria di Centro\u201d<\/p>\n","protected":false},"author":1,"featured_media":0,"comment_status":"open","ping_status":"open","sticky":false,"template":"","format":"standard","meta":{"footnotes":""},"categories":[6],"tags":[],"class_list":["post-93520","post","type-post","status-publish","format-standard","hentry","category-breaking-news"],"_links":{"self":[{"href":"https:\/\/www.giurgiuveanul.ro\/stiri\/wp-json\/wp\/v2\/posts\/93520","targetHints":{"allow":["GET"]}}],"collection":[{"href":"https:\/\/www.giurgiuveanul.ro\/stiri\/wp-json\/wp\/v2\/posts"}],"about":[{"href":"https:\/\/www.giurgiuveanul.ro\/stiri\/wp-json\/wp\/v2\/types\/post"}],"author":[{"embeddable":true,"href":"https:\/\/www.giurgiuveanul.ro\/stiri\/wp-json\/wp\/v2\/users\/1"}],"replies":[{"embeddable":true,"href":"https:\/\/www.giurgiuveanul.ro\/stiri\/wp-json\/wp\/v2\/comments?post=93520"}],"version-history":[{"count":0,"href":"https:\/\/www.giurgiuveanul.ro\/stiri\/wp-json\/wp\/v2\/posts\/93520\/revisions"}],"wp:attachment":[{"href":"https:\/\/www.giurgiuveanul.ro\/stiri\/wp-json\/wp\/v2\/media?parent=93520"}],"wp:term":[{"taxonomy":"category","embeddable":true,"href":"https:\/\/www.giurgiuveanul.ro\/stiri\/wp-json\/wp\/v2\/categories?post=93520"},{"taxonomy":"post_tag","embeddable":true,"href":"https:\/\/www.giurgiuveanul.ro\/stiri\/wp-json\/wp\/v2\/tags?post=93520"}],"curies":[{"name":"wp","href":"https:\/\/api.w.org\/{rel}","templated":true}]}}