{"id":93529,"date":"2022-11-15T09:59:44","date_gmt":"2022-11-15T07:59:44","guid":{"rendered":"https:\/\/www.giurgiuveanul.ro\/stiri\/?p=93529"},"modified":"2022-11-15T10:00:11","modified_gmt":"2022-11-15T08:00:11","slug":"avocatul-poporului-biroul-teritorial-slobozia-comunicat-de-presa","status":"publish","type":"post","link":"https:\/\/www.giurgiuveanul.ro\/stiri\/avocatul-poporului-biroul-teritorial-slobozia-comunicat-de-presa\/","title":{"rendered":"Avocatul Poporului &#8211; Biroul Teritorial Slobozia: Comunicat de pres\u0103"},"content":{"rendered":"<p style=\"text-align: justify;\"><a href=\"https:\/\/www.giurgiuveanul.ro\/stiri\/wp-content\/uploads\/2022\/11\/cropped-AP.jpg\"><img loading=\"lazy\" decoding=\"async\" class=\"aligncenter wp-image-93531\" src=\"https:\/\/www.giurgiuveanul.ro\/stiri\/wp-content\/uploads\/2022\/11\/cropped-AP-513x450.jpg\" alt=\"\" width=\"529\" height=\"464\" srcset=\"https:\/\/www.giurgiuveanul.ro\/stiri\/wp-content\/uploads\/2022\/11\/cropped-AP-513x450.jpg 513w, https:\/\/www.giurgiuveanul.ro\/stiri\/wp-content\/uploads\/2022\/11\/cropped-AP-250x219.jpg 250w, https:\/\/www.giurgiuveanul.ro\/stiri\/wp-content\/uploads\/2022\/11\/cropped-AP-768x674.jpg 768w, https:\/\/www.giurgiuveanul.ro\/stiri\/wp-content\/uploads\/2022\/11\/cropped-AP-400x351.jpg 400w, https:\/\/www.giurgiuveanul.ro\/stiri\/wp-content\/uploads\/2022\/11\/cropped-AP.jpg 799w\" sizes=\"auto, (max-width: 529px) 100vw, 529px\" \/><\/a>Miercuri \u2013 23 noiembrie 2022 \u2013 \u00eentre orele 10:00 \u2013 14:00, reprezentan\u021bii institu\u0163iei Avocatul Poporului \u2013 Biroul Teritorial Slobozia vor fi prezen\u021bi \u00een municipiul Giurgiu, pentru a<!--more--> acorda audien\u0163e cet\u0103\u0163enilor din jude\u0163ul Giurgiu \u015fi pentru a primi peti\u0163ii. Frecven\u021ba cu care se vor acorda audien\u021be \u00een jude\u021bul Giurgiu este lunar\u0103, urm\u00e2nd ca datele s\u0103 fie comunicate publicului prin intermediul presei locale.<\/p>\n<p style=\"text-align: justify;\">Activitatea se va desf\u0103\u0219ura la sediul Consiliului Jude\u0163ean Giurgiu, situat \u00een municipiul Giurgiu, B-dul. Bucure\u0219ti, nr. 10, \u00een spa\u0163iul pus la dispozi\u0163ie \u00een acest scop.<\/p>\n<p style=\"text-align: justify;\">Pentru operativitate, recomand\u0103m ca persoanele interesate s\u0103 solicite telefonic la num\u0103rul 0243\/233200 o programare prealabil\u0103, iar la momentul acord\u0103rii audien\u021bei s\u0103 prezinte o cerere din care s\u0103 rezulte pe scurt problemele cu care se confrunt\u0103, precum \u015fi documente justificative, \u00een copie. Audien\u021bele se vor \u021bine \u00een raport cu num\u0103rul personelor \u00eenscrise telefonic.<\/p>\n<p style=\"text-align: justify;\">Rela\u021bii suplimentare se pot ob\u021bine la num\u0103rul de telefon al Biroului Teritorial Slobozia al institu\u021biei Avocatul Poporului 0243\/233200.<\/p>\n<p style=\"text-align: justify;\">Totodat\u0103, cet\u0103\u021benii care doresc s\u0103 se adreseze institu\u021biei Avocatul Poporului &#8211; Biroului Teritorial Slobozia pot transmite cererile \u0219i prin po\u0219t\u0103, pe adresa biroului din municipiul Slobozia, Str. Episcopiei nr. 1, jude\u021bul Ialomi\u021ba sau prin e-mail pe adresa avpslobozia@avp.ro. Programul de audien\u021be la sediu \u0219i de dispecerat este urm\u0103torul: luni-miercuri \u00een intervalul orar 10.00-14.00, mar\u021bi \u0219i joi \u00een intervalul orar 12.00- 16.00.<\/p>\n<p style=\"text-align: justify;\">Reamintim cet\u0103\u021benilor c\u0103, institu\u021bia Avocatul Poporului este o autoritate public\u0103 autonom\u0103 \u0219i independent\u0103 fa\u021b\u0103 de oricare alt\u0103 autoritate public\u0103 din Rom\u00e2nia \u0219i are drept drept scop ap\u0103rarea drepturilor \u015fi libert\u0103\u0163ilor persoanelor fizice \u00een raporturile acestora cu autorit\u0103\u0163ile publice.<\/p>\n<p>&nbsp;<\/p>\n","protected":false},"excerpt":{"rendered":"<p>Miercuri \u2013 23 noiembrie 2022 \u2013 \u00eentre orele 10:00 \u2013 14:00, reprezentan\u021bii institu\u0163iei Avocatul Poporului \u2013 Biroul Teritorial Slobozia vor fi prezen\u021bi \u00een municipiul Giurgiu, pentru a<\/p>\n","protected":false},"author":1,"featured_media":0,"comment_status":"open","ping_status":"open","sticky":false,"template":"","format":"standard","meta":{"footnotes":""},"categories":[6],"tags":[],"class_list":["post-93529","post","type-post","status-publish","format-standard","hentry","category-breaking-news"],"_links":{"self":[{"href":"https:\/\/www.giurgiuveanul.ro\/stiri\/wp-json\/wp\/v2\/posts\/93529","targetHints":{"allow":["GET"]}}],"collection":[{"href":"https:\/\/www.giurgiuveanul.ro\/stiri\/wp-json\/wp\/v2\/posts"}],"about":[{"href":"https:\/\/www.giurgiuveanul.ro\/stiri\/wp-json\/wp\/v2\/types\/post"}],"author":[{"embeddable":true,"href":"https:\/\/www.giurgiuveanul.ro\/stiri\/wp-json\/wp\/v2\/users\/1"}],"replies":[{"embeddable":true,"href":"https:\/\/www.giurgiuveanul.ro\/stiri\/wp-json\/wp\/v2\/comments?post=93529"}],"version-history":[{"count":0,"href":"https:\/\/www.giurgiuveanul.ro\/stiri\/wp-json\/wp\/v2\/posts\/93529\/revisions"}],"wp:attachment":[{"href":"https:\/\/www.giurgiuveanul.ro\/stiri\/wp-json\/wp\/v2\/media?parent=93529"}],"wp:term":[{"taxonomy":"category","embeddable":true,"href":"https:\/\/www.giurgiuveanul.ro\/stiri\/wp-json\/wp\/v2\/categories?post=93529"},{"taxonomy":"post_tag","embeddable":true,"href":"https:\/\/www.giurgiuveanul.ro\/stiri\/wp-json\/wp\/v2\/tags?post=93529"}],"curies":[{"name":"wp","href":"https:\/\/api.w.org\/{rel}","templated":true}]}}