{"id":93543,"date":"2022-11-15T17:55:35","date_gmt":"2022-11-15T15:55:35","guid":{"rendered":"https:\/\/www.giurgiuveanul.ro\/stiri\/?p=93543"},"modified":"2022-11-15T17:55:35","modified_gmt":"2022-11-15T15:55:35","slug":"giurgiuvean-retinut-pentru-violenta-in-familie-si-lipsire-de-libertate","status":"publish","type":"post","link":"https:\/\/www.giurgiuveanul.ro\/stiri\/giurgiuvean-retinut-pentru-violenta-in-familie-si-lipsire-de-libertate\/","title":{"rendered":"Giurgiuvean re\u021binut pentru violen\u021b\u0103 \u00een familie \u0219i lipsire de libertate"},"content":{"rendered":"<p style=\"text-align: justify;\"><strong><a href=\"https:\/\/www.giurgiuveanul.ro\/stiri\/wp-content\/uploads\/2022\/09\/d41eae011c68175fa35b37bbe8b5cb8823eefc2d-scaled.jpg\"><img loading=\"lazy\" decoding=\"async\" class=\"aligncenter  wp-image-92731\" src=\"https:\/\/www.giurgiuveanul.ro\/stiri\/wp-content\/uploads\/2022\/09\/d41eae011c68175fa35b37bbe8b5cb8823eefc2d-560x373.jpg\" alt=\"\" width=\"575\" height=\"383\" srcset=\"https:\/\/www.giurgiuveanul.ro\/stiri\/wp-content\/uploads\/2022\/09\/d41eae011c68175fa35b37bbe8b5cb8823eefc2d-560x373.jpg 560w, https:\/\/www.giurgiuveanul.ro\/stiri\/wp-content\/uploads\/2022\/09\/d41eae011c68175fa35b37bbe8b5cb8823eefc2d-250x167.jpg 250w, https:\/\/www.giurgiuveanul.ro\/stiri\/wp-content\/uploads\/2022\/09\/d41eae011c68175fa35b37bbe8b5cb8823eefc2d-768x512.jpg 768w, https:\/\/www.giurgiuveanul.ro\/stiri\/wp-content\/uploads\/2022\/09\/d41eae011c68175fa35b37bbe8b5cb8823eefc2d-1536x1024.jpg 1536w, https:\/\/www.giurgiuveanul.ro\/stiri\/wp-content\/uploads\/2022\/09\/d41eae011c68175fa35b37bbe8b5cb8823eefc2d-2048x1366.jpg 2048w, https:\/\/www.giurgiuveanul.ro\/stiri\/wp-content\/uploads\/2022\/09\/d41eae011c68175fa35b37bbe8b5cb8823eefc2d-400x267.jpg 400w\" sizes=\"auto, (max-width: 575px) 100vw, 575px\" \/><\/a>Un b\u0103rbat, din municipiul Giurgiu, este cercetat de poli\u021bi\u0219tii giurgiuveni, fiind<!--more--> b\u0103nuit de s\u0103v\u00e2r\u0219irea infrac\u021biunii de lipsire de libertate \u00een mod ilegal \u0219i violen\u021b\u0103 \u00een familie, informeaz\u0103 IPJ Giurgiu.<\/strong><\/p>\n<p style=\"text-align: justify;\">La data de 08 noiembrie a.c., Poli\u021bia Municipiului Giurgiu a fost sesizat\u0103 de c\u0103tre o femeie, de 54 de ani, din municipiul Giurgiu, cu privire la faptul c\u0103 fiica sa este sechestrat\u0103 la domiciliul unui b\u0103rbat.<\/p>\n<p style=\"text-align: justify;\">\u00cen temeiul sesiz\u0103rii, la fa\u021ba locului s-au deplasat poli\u021bi\u0219tii, care au identificat o femeie, de 33 de ani, care a declarat faptul c\u0103, timp de aproximatv 10 zile, nu i-a fost permis s\u0103 p\u0103r\u0103seasc\u0103 locuin\u021ba, fiind amenin\u021bat\u0103 \u0219i agresat\u0103 fizic, de c\u0103tre concubinul s\u0103u.<\/p>\n<p style=\"text-align: justify;\">Av\u00e2nd \u00een vedere aceste aspecte, pe numele b\u0103rbatului, poli\u021bi\u0219tii giurgiuveni au emis un ordin de protec\u021bie provizoriu.<\/p>\n<p style=\"text-align: justify;\">De asemenea, din cercet\u0103rile efectuate, a reie\u0219it faptul c\u0103, \u00een noaptea de 28\/29 octombrie a.c., b\u0103rbatul \u00een cauz\u0103 ar fi lovit-o cu un corp dur.<\/p>\n<p style=\"text-align: justify;\">La data de 14 noiembrie a.c., pe baza probatoriului administrat \u00een cauz\u0103, sub coordonarea procurorului din cadrul Parchetului de pe l\u00e2ng\u0103 Judec\u0103toria Giurgiu, b\u0103rbatul b\u0103nuit de s\u0103v\u00e2r\u0219irea infrac\u0163iunilor de lipsire de libertate \u00een mod ilegal \u0219i violen\u021b\u0103 \u00een familie a fost re\u021binut, pentru 24 de ore, urm\u00e2nd ca ast\u0103zi, acesta s\u0103 fie prezentat instan\u021bei de judecat\u0103, cu propuneri procedurale.<\/p>\n<p>&nbsp;<\/p>\n","protected":false},"excerpt":{"rendered":"<p>Un b\u0103rbat, din municipiul Giurgiu, este cercetat de poli\u021bi\u0219tii giurgiuveni, fiind<\/p>\n","protected":false},"author":1,"featured_media":0,"comment_status":"open","ping_status":"open","sticky":false,"template":"","format":"standard","meta":{"footnotes":""},"categories":[6],"tags":[],"class_list":["post-93543","post","type-post","status-publish","format-standard","hentry","category-breaking-news"],"_links":{"self":[{"href":"https:\/\/www.giurgiuveanul.ro\/stiri\/wp-json\/wp\/v2\/posts\/93543","targetHints":{"allow":["GET"]}}],"collection":[{"href":"https:\/\/www.giurgiuveanul.ro\/stiri\/wp-json\/wp\/v2\/posts"}],"about":[{"href":"https:\/\/www.giurgiuveanul.ro\/stiri\/wp-json\/wp\/v2\/types\/post"}],"author":[{"embeddable":true,"href":"https:\/\/www.giurgiuveanul.ro\/stiri\/wp-json\/wp\/v2\/users\/1"}],"replies":[{"embeddable":true,"href":"https:\/\/www.giurgiuveanul.ro\/stiri\/wp-json\/wp\/v2\/comments?post=93543"}],"version-history":[{"count":0,"href":"https:\/\/www.giurgiuveanul.ro\/stiri\/wp-json\/wp\/v2\/posts\/93543\/revisions"}],"wp:attachment":[{"href":"https:\/\/www.giurgiuveanul.ro\/stiri\/wp-json\/wp\/v2\/media?parent=93543"}],"wp:term":[{"taxonomy":"category","embeddable":true,"href":"https:\/\/www.giurgiuveanul.ro\/stiri\/wp-json\/wp\/v2\/categories?post=93543"},{"taxonomy":"post_tag","embeddable":true,"href":"https:\/\/www.giurgiuveanul.ro\/stiri\/wp-json\/wp\/v2\/tags?post=93543"}],"curies":[{"name":"wp","href":"https:\/\/api.w.org\/{rel}","templated":true}]}}