{"id":93545,"date":"2022-11-15T18:03:30","date_gmt":"2022-11-15T16:03:30","guid":{"rendered":"https:\/\/www.giurgiuveanul.ro\/stiri\/?p=93545"},"modified":"2022-11-15T18:03:30","modified_gmt":"2022-11-15T16:03:30","slug":"consiliul-judetean-giurgiu-comunicat-de-presa-privind-plata-drepturilor-salariale-ale-angajatilor-dgaspc","status":"publish","type":"post","link":"https:\/\/www.giurgiuveanul.ro\/stiri\/consiliul-judetean-giurgiu-comunicat-de-presa-privind-plata-drepturilor-salariale-ale-angajatilor-dgaspc\/","title":{"rendered":"Consiliul Jude\u0163ean Giurgiu. Comunicat de pres\u0103 privind plata drepturilor salariale ale angaja\u0163ilor DGASPC"},"content":{"rendered":"<p style=\"text-align: justify;\"><a href=\"https:\/\/www.giurgiuveanul.ro\/stiri\/wp-content\/uploads\/2022\/10\/IMG_7927-2.jpg\"><img loading=\"lazy\" decoding=\"async\" class=\"aligncenter  wp-image-93158\" src=\"https:\/\/www.giurgiuveanul.ro\/stiri\/wp-content\/uploads\/2022\/10\/IMG_7927-2-560x348.jpg\" alt=\"\" width=\"578\" height=\"359\" srcset=\"https:\/\/www.giurgiuveanul.ro\/stiri\/wp-content\/uploads\/2022\/10\/IMG_7927-2-560x348.jpg 560w, https:\/\/www.giurgiuveanul.ro\/stiri\/wp-content\/uploads\/2022\/10\/IMG_7927-2-250x155.jpg 250w, https:\/\/www.giurgiuveanul.ro\/stiri\/wp-content\/uploads\/2022\/10\/IMG_7927-2-768x477.jpg 768w, https:\/\/www.giurgiuveanul.ro\/stiri\/wp-content\/uploads\/2022\/10\/IMG_7927-2-400x249.jpg 400w, https:\/\/www.giurgiuveanul.ro\/stiri\/wp-content\/uploads\/2022\/10\/IMG_7927-2.jpg 800w\" sizes=\"auto, (max-width: 578px) 100vw, 578px\" \/><\/a>Angaja\u021bii DGASPC Giurgiu<!--more--> \u00ee\u0219i vor primi drepturile salariale restante aferente lunii octombrie cel mai t\u00e2rziu miercuri, 23 noiembrie.<\/p>\n<p style=\"text-align: justify;\">Vineri, 18 noiembrie, Consiliul Jude\u021bean Giurgiu se va reuni \u00een \u0219edin\u021b\u0103 extraordinar\u0103 pentru a aproba o rectificare bugetar\u0103 care s\u0103 permit\u0103 acordarea drepturilor salariale exclusiv din resurse bugetare proprii ale Consiliul Jude\u021bean Giurgiu urm\u00e2nd ca drepturile salariale s\u0103 fie virate cel mai t\u00e2rziu \u00een data de 23 noiembrie, cu o \u00eent\u00e2rziere maxima la plata acestora de 12 zile calendaristice.<\/p>\n<p style=\"text-align: justify;\">Consiliul Jude\u021bean apreciaz\u0103 importan\u021ba \u0219i rolul pe care \u00een general organiza\u021biile de tip sindical le au recunosc\u00e2nd c\u0103 o bun\u0103 colaborare \u00eentre angajator \u0219i sindicat poate conduce la asigurarea respect\u0103rii drepturilor salaria\u021bilor \u0219i la \u00eembun\u0103t\u0103\u021birea condi\u021biilor \u0219i rela\u021biilor de munc\u0103. \u00cen acela\u0219i timp, \u00eens\u0103, consider\u0103m c\u0103, dat\u0103 fiind prezen\u021ba unei \u00eent\u00e2rzieri, la aceast\u0103 dat\u0103, la plata drepturilor salariale de doar 3 zile lucr\u0103toare, 5 zile calendaristice, reac\u021bia Federa\u021biei Columna este cel pu\u021bin dispropor\u021bionat\u0103 dac\u0103 nu total nejustificat\u0103, cu at\u00e2t mai mult cu c\u00e2t dumnealor \u0219tiau de lipsa banilor pentru ultimele dou\u0103 luni din an \u0219i nu au acordat niciun fel de sprijin.<\/p>\n<p style=\"text-align: justify;\">\u00cen sensul unei rela\u021bii oneste am fi apreciat solicit\u0103ri de colaborare din partea Federa\u021biei Sindicale Columna \u00een vederea solu\u021bion\u0103rii situa\u021biei cunoscute \u00eenc\u0103 de la \u00eenceputul anului \u00een ceea ce prive\u0219te problemele legate de salarizare la DGASPC Giurgiu cum am fi putut considera c\u0103 reac\u021bia nejustificat\u0103 avut\u0103 de aceast\u0103 federa\u021bie pentru doar 5 zile de \u00eent\u00e2rziere la plata salariilor ar fi fost un demers, de\u0219i dispropor\u021bionat, f\u0103cut cu onestitate \u0219i f\u0103r\u0103 inten\u021bii ascunse dac\u0103 \u00een trecut, \u00een perioada 2016 \u2013 2020, c\u00e2nd existau \u00eent\u00e2rzieri la plata salariilor de peste 90 de zile, am fi observat acelea\u0219i reac\u021bii.<\/p>\n<p style=\"text-align: justify;\">\u00cei reasigur\u0103m pe salaria\u021bii DGASPC Giurgiu at\u00e2t de faptul c\u0103 drepturile salariale vor fi virate c\u00e2t \u0219i de\u00a0 faptul c\u0103 beneficiaz\u0103 de \u00eentregul sprijin al Consiliului Jude\u021bean Giurgiu care, spre deosebire de alte perioade, face eforturi considerabile \u0219i chiar reu\u0219e\u0219te s\u0103 le asigure drepturile, de\u0219i cu o u\u0219oar\u0103 \u00eent\u00e2rziere, o \u00eent\u00e2rziere incomparabil mai mic\u0103 raportat la perioade pe care salaria\u021bii DGASPC Giurgiu le cunosc la fel de bine ca \u0219i noi.<\/p>\n<p style=\"text-align: justify;\">\u00cen contextul \u00een care, la acest moment, la Giurgiu,\u00a0 alocarea este de 40% din bugetul propriu \u0219i de 60% de la bugetul de stat, plata furnizorilor este la zi, s-au pl\u0103tit sume consistente pentru drepturi salariale c\u00e2\u0219tigate \u00een instan\u021b\u0103, pentru vauchere neacordate \u00een ultimii 4 ani, \u00een condi\u021biile \u00een care reabilit\u0103m toate c\u0103su\u021bele \u0219i sediul central \u0219i depunem proiecte pentru modernizarea sistemelor de \u00eenc\u0103lzire \u0219i iluminat la toate centrele mari, consider\u0103m c\u0103 am demonstrat aprecierea cuvenit\u0103 pentru cea mai mare \u0219i mai complex\u0103 institu\u021bie din jude\u021bul Giurgiu.<\/p>\n","protected":false},"excerpt":{"rendered":"<p>Angaja\u021bii DGASPC Giurgiu<\/p>\n","protected":false},"author":1,"featured_media":0,"comment_status":"open","ping_status":"open","sticky":false,"template":"","format":"standard","meta":{"footnotes":""},"categories":[6],"tags":[],"class_list":["post-93545","post","type-post","status-publish","format-standard","hentry","category-breaking-news"],"_links":{"self":[{"href":"https:\/\/www.giurgiuveanul.ro\/stiri\/wp-json\/wp\/v2\/posts\/93545","targetHints":{"allow":["GET"]}}],"collection":[{"href":"https:\/\/www.giurgiuveanul.ro\/stiri\/wp-json\/wp\/v2\/posts"}],"about":[{"href":"https:\/\/www.giurgiuveanul.ro\/stiri\/wp-json\/wp\/v2\/types\/post"}],"author":[{"embeddable":true,"href":"https:\/\/www.giurgiuveanul.ro\/stiri\/wp-json\/wp\/v2\/users\/1"}],"replies":[{"embeddable":true,"href":"https:\/\/www.giurgiuveanul.ro\/stiri\/wp-json\/wp\/v2\/comments?post=93545"}],"version-history":[{"count":0,"href":"https:\/\/www.giurgiuveanul.ro\/stiri\/wp-json\/wp\/v2\/posts\/93545\/revisions"}],"wp:attachment":[{"href":"https:\/\/www.giurgiuveanul.ro\/stiri\/wp-json\/wp\/v2\/media?parent=93545"}],"wp:term":[{"taxonomy":"category","embeddable":true,"href":"https:\/\/www.giurgiuveanul.ro\/stiri\/wp-json\/wp\/v2\/categories?post=93545"},{"taxonomy":"post_tag","embeddable":true,"href":"https:\/\/www.giurgiuveanul.ro\/stiri\/wp-json\/wp\/v2\/tags?post=93545"}],"curies":[{"name":"wp","href":"https:\/\/api.w.org\/{rel}","templated":true}]}}