{"id":93579,"date":"2022-11-21T11:02:59","date_gmt":"2022-11-21T09:02:59","guid":{"rendered":"https:\/\/www.giurgiuveanul.ro\/stiri\/?p=93579"},"modified":"2022-11-21T11:11:13","modified_gmt":"2022-11-21T09:11:13","slug":"arde-tare-mama-a-ramas-inauntru-flacarile-sunt-foarte-mari-nu-pot-sa-intru-veniti-repede","status":"publish","type":"post","link":"https:\/\/www.giurgiuveanul.ro\/stiri\/arde-tare-mama-a-ramas-inauntru-flacarile-sunt-foarte-mari-nu-pot-sa-intru-veniti-repede\/","title":{"rendered":"\u201eArde tare! Mama a r\u0103mas \u00een\u0103untru! Fl\u0103c\u0103rile sunt foarte mari! Nu pot s\u0103 intru! Veni\u021bi repede!\u201d"},"content":{"rendered":"<div class=\"x11i5rnm xat24cr x1mh8g0r x1vvkbs xtlvy1s x126k92a\">\n<div dir=\"auto\" style=\"text-align: justify;\"><strong><a href=\"https:\/\/www.giurgiuveanul.ro\/stiri\/wp-content\/uploads\/2022\/11\/316524256_217437930637096_2888339102310684475_n.jpg\"><img loading=\"lazy\" decoding=\"async\" class=\"aligncenter wp-image-93580\" src=\"https:\/\/www.giurgiuveanul.ro\/stiri\/wp-content\/uploads\/2022\/11\/316524256_217437930637096_2888339102310684475_n-560x374.jpg\" alt=\"\" width=\"586\" height=\"392\" srcset=\"https:\/\/www.giurgiuveanul.ro\/stiri\/wp-content\/uploads\/2022\/11\/316524256_217437930637096_2888339102310684475_n-560x374.jpg 560w, https:\/\/www.giurgiuveanul.ro\/stiri\/wp-content\/uploads\/2022\/11\/316524256_217437930637096_2888339102310684475_n-250x167.jpg 250w, https:\/\/www.giurgiuveanul.ro\/stiri\/wp-content\/uploads\/2022\/11\/316524256_217437930637096_2888339102310684475_n-768x513.jpg 768w, https:\/\/www.giurgiuveanul.ro\/stiri\/wp-content\/uploads\/2022\/11\/316524256_217437930637096_2888339102310684475_n-1536x1027.jpg 1536w, https:\/\/www.giurgiuveanul.ro\/stiri\/wp-content\/uploads\/2022\/11\/316524256_217437930637096_2888339102310684475_n-400x267.jpg 400w, https:\/\/www.giurgiuveanul.ro\/stiri\/wp-content\/uploads\/2022\/11\/316524256_217437930637096_2888339102310684475_n.jpg 2014w\" sizes=\"auto, (max-width: 586px) 100vw, 586px\" \/><\/a>Dispecer:<\/strong>\u00a0<em>B\u0103ie\u021bi gr\u0103bi\u021bi-v\u0103! \u00cen cas\u0103 se afl\u0103 o persoan\u0103! Nu s-au evacuat to\u021bi! Cei de acolo nu pot intra, fl\u0103c\u0103rile sunt prea mari!<\/em><\/div>\n<\/div>\n<p><!--more--><strong style=\"text-align: justify;\">\u0218eful turei:<\/strong><em><span style=\"text-align: justify;\"> Ajungem \u00eentr-un minut! Marius \u0219i Alex, voi intra\u021bi \u00een cas\u0103! Trebuie s\u0103 o g\u0103sim pe femeie c\u00e2t mai repede!<\/span><\/em><\/p>\n<div class=\"x11i5rnm xat24cr x1mh8g0r x1vvkbs xtlvy1s x126k92a\" style=\"text-align: justify;\">\n<div dir=\"auto\">Salvatorii giurgiuveni erau \u00een drum spre Malu, acolo unde ardea o cas\u0103, iar proprietara nu reu\u0219ise s\u0103 ias\u0103. To\u021bi se \u00eentrebau ce vor g\u0103si la fa\u021ba locului \u0219i \u0219tiau un singur lucru: c\u0103 trebuie s\u0103 intervin\u0103 rapid.<\/div>\n<\/div>\n<div class=\"x11i5rnm xat24cr x1mh8g0r x1vvkbs xtlvy1s x126k92a\" style=\"text-align: justify;\">\n<div dir=\"auto\">&#8222;Arde r\u0103u! Mama a r\u0103mas \u00een\u0103untru, v\u0103 rog s\u0103 o salva\u021bi&#8221; a strigat fiul b\u0103tr\u00e2nei, c\u00e2nd au ajuns pompierii.<\/div>\n<\/div>\n<div class=\"x11i5rnm xat24cr x1mh8g0r x1vvkbs xtlvy1s x126k92a\" style=\"text-align: justify;\">\n<div dir=\"auto\">Le-a mai spus c\u0103 aceasta are 88 de ani \u0219i c\u0103 se deplaseaz\u0103 cu dificultate.<\/div>\n<\/div>\n<div class=\"x11i5rnm xat24cr x1mh8g0r x1vvkbs xtlvy1s x126k92a\" style=\"text-align: justify;\">\n<div dir=\"auto\">Acoperi\u0219ul ardea ca o tor\u021b\u0103, iar casa era plin\u0103 de fum. Marius \u0219i Alex au luat aparatele de respirat \u0219i au intrat. De afar\u0103, Alin se asigura c\u0103 ace\u0219tia sunt \u00een siguran\u021b\u0103 \u0219i \u00eencerca s\u0103 vad\u0103 pe fereastr\u0103 unde se afl\u0103 femeia.<\/div>\n<\/div>\n<div class=\"x11i5rnm xat24cr x1mh8g0r x1vvkbs xtlvy1s x126k92a\" style=\"text-align: justify;\">\n<div dir=\"auto\">&#8222;- Mamaie, ne auzi? Suntem de la pompieri!&#8221; striga el. F\u0103r\u0103 r\u0103spuns &#8230;<\/div>\n<\/div>\n<div class=\"x11i5rnm xat24cr x1mh8g0r x1vvkbs xtlvy1s x126k92a\" style=\"text-align: justify;\">\n<div dir=\"auto\">Prin fumul dens, salvatorii nu s-au oprit din c\u0103utat. Au comunicat \u00een permanen\u021b\u0103 p\u00e2n\u0103 c\u00e2nd au g\u0103sit-o.<\/div>\n<\/div>\n<div class=\"x11i5rnm xat24cr x1mh8g0r x1vvkbs xtlvy1s x126k92a\" style=\"text-align: justify;\">\n<div dir=\"auto\">&#8222;- Este incon\u0219tient\u0103, dar respir\u0103! S-a intoxicat cu fum&#8221; a spus unul dintre pompieri.<\/div>\n<\/div>\n<div class=\"x11i5rnm xat24cr x1mh8g0r x1vvkbs xtlvy1s x126k92a\" style=\"text-align: justify;\">\n<div dir=\"auto\">Au luat-o \u00een bra\u021be \u0219i au ie\u0219it imediat din cas\u0103, sub privirile fiului \u0219i ale vecinilor care se rugau ca aceasta s\u0103 fie bine.<\/div>\n<\/div>\n<div class=\"x11i5rnm xat24cr x1mh8g0r x1vvkbs xtlvy1s x126k92a\" style=\"text-align: justify;\">\n<div dir=\"auto\">A fost preluat\u0103 imediat de ambulan\u021b\u0103 \u0219i de paramedicii SMURD care i-au acordat primul ajutor \u0219i au transportat-o la spital.<\/div>\n<\/div>\n<div class=\"x11i5rnm xat24cr x1mh8g0r x1vvkbs xtlvy1s x126k92a\" style=\"text-align: justify;\">\n<div dir=\"auto\">Abia la finalul misiunii, c\u00e2nd incendiul a fost stins, pompierii au r\u0103suflat u\u0219ura\u021bi. Au salvat o via\u021b\u0103, iar acest lucru nu \u00eel vor uita niciodat\u0103!<\/div>\n<\/div>\n<div class=\"x11i5rnm xat24cr x1mh8g0r x1vvkbs xtlvy1s x126k92a\">\n<div dir=\"auto\" style=\"text-align: justify;\"><em>Felicit\u0103ri, Alin, Marius, Alex \u0219i tuturor pompierilor care au intervenit la acest caz!<\/em><\/div>\n<div dir=\"auto\"><\/div>\n<\/div>\n<div dir=\"auto\" style=\"text-align: center;\"><\/div>\n<div dir=\"auto\" style=\"text-align: center;\">******<\/div>\n<div dir=\"auto\">\n<p style=\"text-align: justify;\">O femeie, \u00een v\u00e2rst\u0103 de 88 de ani, a fost salvat\u0103 de pompieri, asear\u0103, dintr-un incendiu care a izbucnit \u00een casa acesteia, din localitatea Malu. Fiul s\u0103u a reu\u0219it s\u0103 ias\u0103 la timp din cas\u0103, dar femeia a avut nevoie de ajutorul pompierilor. Ace\u0219tia au g\u0103sit-o c\u0103zut\u0103 \u00een hol, incon\u0219tient\u0103, dar cu func\u021bii vitale, cel mai probabil fiind intoxicat\u0103 cu monoxid de carbon. A fost preluat\u0103 imediat de ambulan\u021b\u0103 \u0219i de paramedicii SMURD care i-au acordat primul ajutor \u0219i au transportat-o la spital.<\/p>\n<p><a href=\"https:\/\/www.giurgiuveanul.ro\/stiri\/wp-content\/uploads\/2022\/11\/WhatsApp-Image-2022-11-21-at-10.05.06.jpeg\"><img loading=\"lazy\" decoding=\"async\" class=\"aligncenter wp-image-93585\" src=\"https:\/\/www.giurgiuveanul.ro\/stiri\/wp-content\/uploads\/2022\/11\/WhatsApp-Image-2022-11-21-at-10.05.06-439x450.jpeg\" alt=\"\" width=\"573\" height=\"587\" srcset=\"https:\/\/www.giurgiuveanul.ro\/stiri\/wp-content\/uploads\/2022\/11\/WhatsApp-Image-2022-11-21-at-10.05.06-439x450.jpeg 439w, https:\/\/www.giurgiuveanul.ro\/stiri\/wp-content\/uploads\/2022\/11\/WhatsApp-Image-2022-11-21-at-10.05.06-250x257.jpeg 250w, https:\/\/www.giurgiuveanul.ro\/stiri\/wp-content\/uploads\/2022\/11\/WhatsApp-Image-2022-11-21-at-10.05.06-768x788.jpeg 768w, https:\/\/www.giurgiuveanul.ro\/stiri\/wp-content\/uploads\/2022\/11\/WhatsApp-Image-2022-11-21-at-10.05.06-400x410.jpeg 400w, https:\/\/www.giurgiuveanul.ro\/stiri\/wp-content\/uploads\/2022\/11\/WhatsApp-Image-2022-11-21-at-10.05.06.jpeg 1497w\" sizes=\"auto, (max-width: 573px) 100vw, 573px\" \/><\/a><\/p>\n<p style=\"text-align: justify;\">Concomitent cu ac\u021biunea de c\u0103utare-salvare, pompierii au intervenit pentru stingerea incendiului care se manifesta violent la nivelul acoperi\u0219ului \u0219i la o magazie.<\/p>\n<p style=\"text-align: justify;\">Suprafa\u021ba afectat\u0103 de incendiu a fost de aproximativ 200 mp. Au ars electrocasnice, mobilierul din buc\u0103t\u0103rie, butelii \u0219i o plit\u0103. S-au deteriorat tavanul \u0219i pere\u021bii din baie, buc\u0103t\u0103rie \u0219i din dou\u0103 camere.<\/p>\n<p style=\"text-align: justify;\">Cauza probabil\u0103 de producere a incendiului a fost jarul c\u0103zut pe materiale combustibile (gr\u0103tar nestins corespunz\u0103tor).<\/p>\n<p style=\"text-align: justify;\">La fa\u021ba locului s-au deplasat pompierii din cadrul Deta\u0219amentului Giurgiu, cu dou\u0103 autospeciale de stingere cu ap\u0103 \u0219i spum\u0103, un echipaj SMURD \u0219i o ambulan\u021b\u0103 SAJ.<\/p>\n<\/div>\n","protected":false},"excerpt":{"rendered":"<p>Dispecer:\u00a0B\u0103ie\u021bi gr\u0103bi\u021bi-v\u0103! \u00cen cas\u0103 se afl\u0103 o persoan\u0103! Nu s-au evacuat to\u021bi! Cei de acolo nu pot intra, fl\u0103c\u0103rile sunt prea mari!<\/p>\n","protected":false},"author":1,"featured_media":0,"comment_status":"open","ping_status":"open","sticky":false,"template":"","format":"standard","meta":{"footnotes":""},"categories":[6],"tags":[],"class_list":["post-93579","post","type-post","status-publish","format-standard","hentry","category-breaking-news"],"_links":{"self":[{"href":"https:\/\/www.giurgiuveanul.ro\/stiri\/wp-json\/wp\/v2\/posts\/93579","targetHints":{"allow":["GET"]}}],"collection":[{"href":"https:\/\/www.giurgiuveanul.ro\/stiri\/wp-json\/wp\/v2\/posts"}],"about":[{"href":"https:\/\/www.giurgiuveanul.ro\/stiri\/wp-json\/wp\/v2\/types\/post"}],"author":[{"embeddable":true,"href":"https:\/\/www.giurgiuveanul.ro\/stiri\/wp-json\/wp\/v2\/users\/1"}],"replies":[{"embeddable":true,"href":"https:\/\/www.giurgiuveanul.ro\/stiri\/wp-json\/wp\/v2\/comments?post=93579"}],"version-history":[{"count":0,"href":"https:\/\/www.giurgiuveanul.ro\/stiri\/wp-json\/wp\/v2\/posts\/93579\/revisions"}],"wp:attachment":[{"href":"https:\/\/www.giurgiuveanul.ro\/stiri\/wp-json\/wp\/v2\/media?parent=93579"}],"wp:term":[{"taxonomy":"category","embeddable":true,"href":"https:\/\/www.giurgiuveanul.ro\/stiri\/wp-json\/wp\/v2\/categories?post=93579"},{"taxonomy":"post_tag","embeddable":true,"href":"https:\/\/www.giurgiuveanul.ro\/stiri\/wp-json\/wp\/v2\/tags?post=93579"}],"curies":[{"name":"wp","href":"https:\/\/api.w.org\/{rel}","templated":true}]}}