{"id":93590,"date":"2022-11-21T18:13:52","date_gmt":"2022-11-21T16:13:52","guid":{"rendered":"https:\/\/www.giurgiuveanul.ro\/stiri\/?p=93590"},"modified":"2022-11-21T18:35:42","modified_gmt":"2022-11-21T16:35:42","slug":"directia-judeteana-de-transport-giurgiu-este-pregatita-pentru-deszapezire","status":"publish","type":"post","link":"https:\/\/www.giurgiuveanul.ro\/stiri\/directia-judeteana-de-transport-giurgiu-este-pregatita-pentru-deszapezire\/","title":{"rendered":"Direc\u021bia Jude\u021bean\u0103 de Transport Giurgiu este preg\u0103tit\u0103 pentru desz\u0103pezire"},"content":{"rendered":"<p><strong><a href=\"https:\/\/www.giurgiuveanul.ro\/stiri\/wp-content\/uploads\/2022\/11\/1-1.jpeg\"><img loading=\"lazy\" decoding=\"async\" class=\"aligncenter wp-image-93591\" src=\"https:\/\/www.giurgiuveanul.ro\/stiri\/wp-content\/uploads\/2022\/11\/1-1-560x330.jpeg\" alt=\"\" width=\"577\" height=\"340\" srcset=\"https:\/\/www.giurgiuveanul.ro\/stiri\/wp-content\/uploads\/2022\/11\/1-1-560x330.jpeg 560w, https:\/\/www.giurgiuveanul.ro\/stiri\/wp-content\/uploads\/2022\/11\/1-1-250x148.jpeg 250w, https:\/\/www.giurgiuveanul.ro\/stiri\/wp-content\/uploads\/2022\/11\/1-1-768x453.jpeg 768w, https:\/\/www.giurgiuveanul.ro\/stiri\/wp-content\/uploads\/2022\/11\/1-1-400x236.jpeg 400w, https:\/\/www.giurgiuveanul.ro\/stiri\/wp-content\/uploads\/2022\/11\/1-1.jpeg 1000w\" sizes=\"auto, (max-width: 577px) 100vw, 577px\" \/><\/a>Direc\u021bia Jude\u021bean\u0103 de Transport Giurgiu<!--more--> este preg\u0103tit\u0103 pentru desz\u0103pezire.\u00a0<\/strong><\/p>\n<div>\u00cen acest moment, <strong>Direc\u021bia Jude\u021bean\u0103 de Transport Giurgiu<\/strong> este \u00een grafic cu preg\u0103tirile pentru asigurarea viabilit\u0103\u021bii drumurilor jude\u021bene din administrare pentru perioada sezonului rece.<\/div>\n<div><\/div>\n<div><\/div>\n<div>Pre\u015fedintele Consiliului Jude\u0163ean Giurgiu, <strong>Dumitru Beianu<\/strong>, a &#8222;inspectat&#8221;, ast\u0103zi, &#8222;tehnica de lupt\u0103&#8221; a Direc\u021biei Jude\u021bene de Transport.<\/div>\n<div><\/div>\n<div><a href=\"https:\/\/www.giurgiuveanul.ro\/stiri\/wp-content\/uploads\/2022\/11\/5.jpeg\"><img loading=\"lazy\" decoding=\"async\" class=\"aligncenter wp-image-93595\" src=\"https:\/\/www.giurgiuveanul.ro\/stiri\/wp-content\/uploads\/2022\/11\/5-560x437.jpeg\" alt=\"\" width=\"573\" height=\"447\" srcset=\"https:\/\/www.giurgiuveanul.ro\/stiri\/wp-content\/uploads\/2022\/11\/5-560x437.jpeg 560w, https:\/\/www.giurgiuveanul.ro\/stiri\/wp-content\/uploads\/2022\/11\/5-250x195.jpeg 250w, https:\/\/www.giurgiuveanul.ro\/stiri\/wp-content\/uploads\/2022\/11\/5-768x600.jpeg 768w, https:\/\/www.giurgiuveanul.ro\/stiri\/wp-content\/uploads\/2022\/11\/5-400x312.jpeg 400w, https:\/\/www.giurgiuveanul.ro\/stiri\/wp-content\/uploads\/2022\/11\/5.jpeg 1000w\" sizes=\"auto, (max-width: 573px) 100vw, 573px\" \/><\/a><\/div>\n<div><\/div>\n<div>\u00cen baza pentru desz\u0103pezire sunt stocate 1.268 tone de material antiderapant, aprovizionarea f\u0103c\u00e2ndu-se gradual \u00een func\u021bie de necesita\u021bi.<\/div>\n<div><a href=\"https:\/\/www.giurgiuveanul.ro\/stiri\/wp-content\/uploads\/2022\/11\/2.jpeg\"><img loading=\"lazy\" decoding=\"async\" class=\"aligncenter wp-image-93596\" src=\"https:\/\/www.giurgiuveanul.ro\/stiri\/wp-content\/uploads\/2022\/11\/2-560x379.jpeg\" alt=\"\" width=\"577\" height=\"391\" srcset=\"https:\/\/www.giurgiuveanul.ro\/stiri\/wp-content\/uploads\/2022\/11\/2-560x379.jpeg 560w, https:\/\/www.giurgiuveanul.ro\/stiri\/wp-content\/uploads\/2022\/11\/2-250x169.jpeg 250w, https:\/\/www.giurgiuveanul.ro\/stiri\/wp-content\/uploads\/2022\/11\/2-768x519.jpeg 768w, https:\/\/www.giurgiuveanul.ro\/stiri\/wp-content\/uploads\/2022\/11\/2-400x270.jpeg 400w, https:\/\/www.giurgiuveanul.ro\/stiri\/wp-content\/uploads\/2022\/11\/2.jpeg 1479w\" sizes=\"auto, (max-width: 577px) 100vw, 577px\" \/><\/a> <a href=\"https:\/\/www.giurgiuveanul.ro\/stiri\/wp-content\/uploads\/2022\/11\/3.jpeg\"><img loading=\"lazy\" decoding=\"async\" class=\"aligncenter wp-image-93597\" src=\"https:\/\/www.giurgiuveanul.ro\/stiri\/wp-content\/uploads\/2022\/11\/3-560x404.jpeg\" alt=\"\" width=\"579\" height=\"418\" srcset=\"https:\/\/www.giurgiuveanul.ro\/stiri\/wp-content\/uploads\/2022\/11\/3-560x404.jpeg 560w, https:\/\/www.giurgiuveanul.ro\/stiri\/wp-content\/uploads\/2022\/11\/3-250x181.jpeg 250w, https:\/\/www.giurgiuveanul.ro\/stiri\/wp-content\/uploads\/2022\/11\/3-768x554.jpeg 768w, https:\/\/www.giurgiuveanul.ro\/stiri\/wp-content\/uploads\/2022\/11\/3-400x289.jpeg 400w, https:\/\/www.giurgiuveanul.ro\/stiri\/wp-content\/uploads\/2022\/11\/3.jpeg 1000w\" sizes=\"auto, (max-width: 579px) 100vw, 579px\" \/><\/a> <a href=\"https:\/\/www.giurgiuveanul.ro\/stiri\/wp-content\/uploads\/2022\/11\/4.jpeg\"><img loading=\"lazy\" decoding=\"async\" class=\"aligncenter wp-image-93598\" src=\"https:\/\/www.giurgiuveanul.ro\/stiri\/wp-content\/uploads\/2022\/11\/4-560x433.jpeg\" alt=\"\" width=\"572\" height=\"442\" srcset=\"https:\/\/www.giurgiuveanul.ro\/stiri\/wp-content\/uploads\/2022\/11\/4-560x433.jpeg 560w, https:\/\/www.giurgiuveanul.ro\/stiri\/wp-content\/uploads\/2022\/11\/4-250x194.jpeg 250w, https:\/\/www.giurgiuveanul.ro\/stiri\/wp-content\/uploads\/2022\/11\/4-768x594.jpeg 768w, https:\/\/www.giurgiuveanul.ro\/stiri\/wp-content\/uploads\/2022\/11\/4-400x310.jpeg 400w, https:\/\/www.giurgiuveanul.ro\/stiri\/wp-content\/uploads\/2022\/11\/4.jpeg 1000w\" sizes=\"auto, (max-width: 572px) 100vw, 572px\" \/><\/a><\/div>\n<div><\/div>\n<div>\u00cen dotare sunt 18 utilaje echipate corespunz\u0103tor preg\u0103tite pentru interven\u021bia pe drumurile jude\u021bene:<\/div>\n<div>&#8211; 10 basculante 8&#215;4, dotate cu lame pentru desz\u0103pezire \u0219i s\u0103r\u0103ri\u021b\u0103<\/div>\n<div>&#8211; 2 autogredere<\/div>\n<div>&#8211; 2 buldoexcavatoare<\/div>\n<div>&#8211; 1 \u00eenc\u0103rc\u0103tor frontal<\/div>\n<div>&#8211; 2 mini-\u00eenc\u0103rc\u0103toare frontale<\/div>\n<div>&#8211; 1 tractor cu lama pentru desz\u0103pezire.<\/div>\n<div><\/div>\n<div>Se va interveni pe drumurile aflate \u00een administrare, mai exact: DJ 503, DJ 503A, DJ 504, DJ 504A, DJ 505, DJ 507, DJ 603.<\/div>\n","protected":false},"excerpt":{"rendered":"<p>Direc\u021bia Jude\u021bean\u0103 de Transport Giurgiu<\/p>\n","protected":false},"author":1,"featured_media":0,"comment_status":"open","ping_status":"open","sticky":false,"template":"","format":"standard","meta":{"footnotes":""},"categories":[6],"tags":[],"class_list":["post-93590","post","type-post","status-publish","format-standard","hentry","category-breaking-news"],"_links":{"self":[{"href":"https:\/\/www.giurgiuveanul.ro\/stiri\/wp-json\/wp\/v2\/posts\/93590","targetHints":{"allow":["GET"]}}],"collection":[{"href":"https:\/\/www.giurgiuveanul.ro\/stiri\/wp-json\/wp\/v2\/posts"}],"about":[{"href":"https:\/\/www.giurgiuveanul.ro\/stiri\/wp-json\/wp\/v2\/types\/post"}],"author":[{"embeddable":true,"href":"https:\/\/www.giurgiuveanul.ro\/stiri\/wp-json\/wp\/v2\/users\/1"}],"replies":[{"embeddable":true,"href":"https:\/\/www.giurgiuveanul.ro\/stiri\/wp-json\/wp\/v2\/comments?post=93590"}],"version-history":[{"count":0,"href":"https:\/\/www.giurgiuveanul.ro\/stiri\/wp-json\/wp\/v2\/posts\/93590\/revisions"}],"wp:attachment":[{"href":"https:\/\/www.giurgiuveanul.ro\/stiri\/wp-json\/wp\/v2\/media?parent=93590"}],"wp:term":[{"taxonomy":"category","embeddable":true,"href":"https:\/\/www.giurgiuveanul.ro\/stiri\/wp-json\/wp\/v2\/categories?post=93590"},{"taxonomy":"post_tag","embeddable":true,"href":"https:\/\/www.giurgiuveanul.ro\/stiri\/wp-json\/wp\/v2\/tags?post=93590"}],"curies":[{"name":"wp","href":"https:\/\/api.w.org\/{rel}","templated":true}]}}