{"id":93617,"date":"2022-11-21T19:12:59","date_gmt":"2022-11-21T17:12:59","guid":{"rendered":"https:\/\/www.giurgiuveanul.ro\/stiri\/?p=93617"},"modified":"2022-11-21T19:15:46","modified_gmt":"2022-11-21T17:15:46","slug":"accident-rutier-soldat-cu-doua-victime-in-aceasta-dupa-amiaza-foto","status":"publish","type":"post","link":"https:\/\/www.giurgiuveanul.ro\/stiri\/accident-rutier-soldat-cu-doua-victime-in-aceasta-dupa-amiaza-foto\/","title":{"rendered":"ACCIDENT RUTIER soldat cu dou\u0103 victime, \u00een aceast\u0103 dup\u0103-amiaz\u0103 (FOTO)"},"content":{"rendered":"<p style=\"text-align: justify;\"><strong><a href=\"https:\/\/www.giurgiuveanul.ro\/stiri\/wp-content\/uploads\/2022\/11\/WhatsApp-Image-2022-11-21-at-19.06.40.jpeg\"><img loading=\"lazy\" decoding=\"async\" class=\"aligncenter wp-image-93618\" src=\"https:\/\/www.giurgiuveanul.ro\/stiri\/wp-content\/uploads\/2022\/11\/WhatsApp-Image-2022-11-21-at-19.06.40-503x450.jpeg\" alt=\"\" width=\"581\" height=\"520\" srcset=\"https:\/\/www.giurgiuveanul.ro\/stiri\/wp-content\/uploads\/2022\/11\/WhatsApp-Image-2022-11-21-at-19.06.40-503x450.jpeg 503w, https:\/\/www.giurgiuveanul.ro\/stiri\/wp-content\/uploads\/2022\/11\/WhatsApp-Image-2022-11-21-at-19.06.40-250x224.jpeg 250w, https:\/\/www.giurgiuveanul.ro\/stiri\/wp-content\/uploads\/2022\/11\/WhatsApp-Image-2022-11-21-at-19.06.40-768x687.jpeg 768w, https:\/\/www.giurgiuveanul.ro\/stiri\/wp-content\/uploads\/2022\/11\/WhatsApp-Image-2022-11-21-at-19.06.40-400x358.jpeg 400w, https:\/\/www.giurgiuveanul.ro\/stiri\/wp-content\/uploads\/2022\/11\/WhatsApp-Image-2022-11-21-at-19.06.40.jpeg 1100w\" sizes=\"auto, (max-width: 581px) 100vw, 581px\" \/><\/a>Doi<!--more--> tineri au avut nevoie de \u00eengrijiri medicale, \u00een urma unui accident rutier ce s-a produs, \u00een aceast\u0103 dup\u0103-amiaz\u0103, pe DN 5B, \u00een afara localit\u0103\u021bii Bila, comuna Schitu. Ace\u0219tia au r\u0103mas bloca\u021bi \u00een autoturism, fiind nevoie de interven\u021bia echipajului de descarcerare pentru a fi extra\u0219i \u00een siguran\u021b\u0103, potrivit ISU Giurgiu.<\/strong><\/p>\n<p><a href=\"https:\/\/www.giurgiuveanul.ro\/stiri\/wp-content\/uploads\/2022\/11\/WhatsApp-Image-2022-11-21-at-19.06.41.jpeg\"><img loading=\"lazy\" decoding=\"async\" class=\"aligncenter  wp-image-93621\" src=\"https:\/\/www.giurgiuveanul.ro\/stiri\/wp-content\/uploads\/2022\/11\/WhatsApp-Image-2022-11-21-at-19.06.41-560x313.jpeg\" alt=\"\" width=\"580\" height=\"324\" srcset=\"https:\/\/www.giurgiuveanul.ro\/stiri\/wp-content\/uploads\/2022\/11\/WhatsApp-Image-2022-11-21-at-19.06.41-560x313.jpeg 560w, https:\/\/www.giurgiuveanul.ro\/stiri\/wp-content\/uploads\/2022\/11\/WhatsApp-Image-2022-11-21-at-19.06.41-250x140.jpeg 250w, https:\/\/www.giurgiuveanul.ro\/stiri\/wp-content\/uploads\/2022\/11\/WhatsApp-Image-2022-11-21-at-19.06.41-768x429.jpeg 768w, https:\/\/www.giurgiuveanul.ro\/stiri\/wp-content\/uploads\/2022\/11\/WhatsApp-Image-2022-11-21-at-19.06.41-1536x859.jpeg 1536w, https:\/\/www.giurgiuveanul.ro\/stiri\/wp-content\/uploads\/2022\/11\/WhatsApp-Image-2022-11-21-at-19.06.41-400x224.jpeg 400w, https:\/\/www.giurgiuveanul.ro\/stiri\/wp-content\/uploads\/2022\/11\/WhatsApp-Image-2022-11-21-at-19.06.41.jpeg 1674w\" sizes=\"auto, (max-width: 580px) 100vw, 580px\" \/><\/a><\/p>\n<p style=\"text-align: justify;\">\u00cen accident au fost implicate dou\u0103 autoturisme, iar cel \u00een care se aflau cei doi a fost g\u0103sit \u00een afara p\u0103r\u021bii carosabile, \u00een \u0219an\u021b.<\/p>\n<p style=\"text-align: justify;\">La fa\u021ba locului s-au deplasat pompierii din cadrul G\u0103rzii de Interven\u021bie Mih\u0103ile\u0219ti \u0219i Deta\u0219amentului Giurgiu, cu o descarcerare, o autospecial\u0103 de stingere, dou\u0103 echipaje SMURD \u0219i o ambulan\u021b\u0103 SAJ.<\/p>\n<p><a href=\"https:\/\/www.giurgiuveanul.ro\/stiri\/wp-content\/uploads\/2022\/11\/WhatsApp-Image-2022-11-21-at-19.06.41-1.jpeg\"><img loading=\"lazy\" decoding=\"async\" class=\"aligncenter  wp-image-93623\" src=\"https:\/\/www.giurgiuveanul.ro\/stiri\/wp-content\/uploads\/2022\/11\/WhatsApp-Image-2022-11-21-at-19.06.41-1-560x259.jpeg\" alt=\"\" width=\"584\" height=\"270\" srcset=\"https:\/\/www.giurgiuveanul.ro\/stiri\/wp-content\/uploads\/2022\/11\/WhatsApp-Image-2022-11-21-at-19.06.41-1-560x259.jpeg 560w, https:\/\/www.giurgiuveanul.ro\/stiri\/wp-content\/uploads\/2022\/11\/WhatsApp-Image-2022-11-21-at-19.06.41-1-250x115.jpeg 250w, https:\/\/www.giurgiuveanul.ro\/stiri\/wp-content\/uploads\/2022\/11\/WhatsApp-Image-2022-11-21-at-19.06.41-1-768x355.jpeg 768w, https:\/\/www.giurgiuveanul.ro\/stiri\/wp-content\/uploads\/2022\/11\/WhatsApp-Image-2022-11-21-at-19.06.41-1-1536x710.jpeg 1536w, https:\/\/www.giurgiuveanul.ro\/stiri\/wp-content\/uploads\/2022\/11\/WhatsApp-Image-2022-11-21-at-19.06.41-1-400x185.jpeg 400w, https:\/\/www.giurgiuveanul.ro\/stiri\/wp-content\/uploads\/2022\/11\/WhatsApp-Image-2022-11-21-at-19.06.41-1.jpeg 2048w\" sizes=\"auto, (max-width: 584px) 100vw, 584px\" \/><\/a><\/p>\n<p style=\"text-align: justify;\">Cele dou\u0103 persoane r\u0103nite, \u00een v\u00e2rst\u0103 de 24 \u0219i 22 de ani, au fost transportate la spital.<\/p>\n<p style=\"text-align: justify;\">\u00cen cel\u0103lalt autoturism se aflau conduc\u0103torul auto \u0219i un pasager, care nu au avut nevoie de \u00eengrijiri medicale.<\/p>\n<p style=\"text-align: justify;\">Pompierii au asigurat m\u0103surile de prevenire a incendiilor, iar cazul a r\u0103mas \u00een aten\u021bia Poli\u021biei pentru cercet\u0103ri.<\/p>\n","protected":false},"excerpt":{"rendered":"<p>Doi<\/p>\n","protected":false},"author":1,"featured_media":0,"comment_status":"open","ping_status":"open","sticky":false,"template":"","format":"standard","meta":{"footnotes":""},"categories":[6],"tags":[],"class_list":["post-93617","post","type-post","status-publish","format-standard","hentry","category-breaking-news"],"_links":{"self":[{"href":"https:\/\/www.giurgiuveanul.ro\/stiri\/wp-json\/wp\/v2\/posts\/93617","targetHints":{"allow":["GET"]}}],"collection":[{"href":"https:\/\/www.giurgiuveanul.ro\/stiri\/wp-json\/wp\/v2\/posts"}],"about":[{"href":"https:\/\/www.giurgiuveanul.ro\/stiri\/wp-json\/wp\/v2\/types\/post"}],"author":[{"embeddable":true,"href":"https:\/\/www.giurgiuveanul.ro\/stiri\/wp-json\/wp\/v2\/users\/1"}],"replies":[{"embeddable":true,"href":"https:\/\/www.giurgiuveanul.ro\/stiri\/wp-json\/wp\/v2\/comments?post=93617"}],"version-history":[{"count":0,"href":"https:\/\/www.giurgiuveanul.ro\/stiri\/wp-json\/wp\/v2\/posts\/93617\/revisions"}],"wp:attachment":[{"href":"https:\/\/www.giurgiuveanul.ro\/stiri\/wp-json\/wp\/v2\/media?parent=93617"}],"wp:term":[{"taxonomy":"category","embeddable":true,"href":"https:\/\/www.giurgiuveanul.ro\/stiri\/wp-json\/wp\/v2\/categories?post=93617"},{"taxonomy":"post_tag","embeddable":true,"href":"https:\/\/www.giurgiuveanul.ro\/stiri\/wp-json\/wp\/v2\/tags?post=93617"}],"curies":[{"name":"wp","href":"https:\/\/api.w.org\/{rel}","templated":true}]}}