{"id":93625,"date":"2022-11-22T08:52:32","date_gmt":"2022-11-22T06:52:32","guid":{"rendered":"https:\/\/www.giurgiuveanul.ro\/stiri\/?p=93625"},"modified":"2022-11-22T08:52:53","modified_gmt":"2022-11-22T06:52:53","slug":"aseara-o-giurgiuveanca-a-fost-lovita-pe-trecerea-de-pietoni-foto","status":"publish","type":"post","link":"https:\/\/www.giurgiuveanul.ro\/stiri\/aseara-o-giurgiuveanca-a-fost-lovita-pe-trecerea-de-pietoni-foto\/","title":{"rendered":"Asear\u0103, o giurgiuveanc\u0103 a fost lovit\u0103 pe trecerea de pietoni (FOTO)"},"content":{"rendered":"<p style=\"text-align: justify;\"><strong><a href=\"https:\/\/www.giurgiuveanul.ro\/stiri\/wp-content\/uploads\/2022\/11\/IMG_6481.jpg\"><img loading=\"lazy\" decoding=\"async\" class=\"aligncenter  wp-image-93626\" src=\"https:\/\/www.giurgiuveanul.ro\/stiri\/wp-content\/uploads\/2022\/11\/IMG_6481-560x422.jpg\" alt=\"\" width=\"575\" height=\"433\" srcset=\"https:\/\/www.giurgiuveanul.ro\/stiri\/wp-content\/uploads\/2022\/11\/IMG_6481-560x422.jpg 560w, https:\/\/www.giurgiuveanul.ro\/stiri\/wp-content\/uploads\/2022\/11\/IMG_6481-250x189.jpg 250w, https:\/\/www.giurgiuveanul.ro\/stiri\/wp-content\/uploads\/2022\/11\/IMG_6481-768x579.jpg 768w, https:\/\/www.giurgiuveanul.ro\/stiri\/wp-content\/uploads\/2022\/11\/IMG_6481-400x302.jpg 400w, https:\/\/www.giurgiuveanul.ro\/stiri\/wp-content\/uploads\/2022\/11\/IMG_6481.jpg 1500w\" sizes=\"auto, (max-width: 575px) 100vw, 575px\" \/><\/a>Asear\u0103, la ora 20:25,<!--more--> pe bulevardul Academician Miron Nicolescu, din municipiul Giurgiu a avut loc un eveniment rutier, \u00een care a fost implicat un autoturism, condus de c\u0103tre o femeie, de 34 de ani, din comuna C\u0103lug\u0103reni, jude\u021bul Giurgiu.<\/strong><\/p>\n<p style=\"text-align: justify;\">\u00cen urma producerii evenimentului rutier, a rezultat r\u0103nirea unei femei, de 25 de ani, din municipiul Giurgiu, care se afla angajat\u0103 \u00een traversarea str\u0103zii prin loc marcat \u0219i semnalizat corespunz\u0103tor.<\/p>\n<p style=\"text-align: justify;\">Aceasta a fost transportat\u0103 la spital, pentru acordarea de \u00eengrijiri medicale.<\/p>\n<p style=\"text-align: justify;\">Ambele femei au fost testate cu aparatul etilotest, rezultatul fiind 0.<\/p>\n","protected":false},"excerpt":{"rendered":"<p>Asear\u0103, la ora 20:25,<\/p>\n","protected":false},"author":1,"featured_media":0,"comment_status":"open","ping_status":"open","sticky":false,"template":"","format":"standard","meta":{"footnotes":""},"categories":[6],"tags":[],"class_list":["post-93625","post","type-post","status-publish","format-standard","hentry","category-breaking-news"],"_links":{"self":[{"href":"https:\/\/www.giurgiuveanul.ro\/stiri\/wp-json\/wp\/v2\/posts\/93625","targetHints":{"allow":["GET"]}}],"collection":[{"href":"https:\/\/www.giurgiuveanul.ro\/stiri\/wp-json\/wp\/v2\/posts"}],"about":[{"href":"https:\/\/www.giurgiuveanul.ro\/stiri\/wp-json\/wp\/v2\/types\/post"}],"author":[{"embeddable":true,"href":"https:\/\/www.giurgiuveanul.ro\/stiri\/wp-json\/wp\/v2\/users\/1"}],"replies":[{"embeddable":true,"href":"https:\/\/www.giurgiuveanul.ro\/stiri\/wp-json\/wp\/v2\/comments?post=93625"}],"version-history":[{"count":0,"href":"https:\/\/www.giurgiuveanul.ro\/stiri\/wp-json\/wp\/v2\/posts\/93625\/revisions"}],"wp:attachment":[{"href":"https:\/\/www.giurgiuveanul.ro\/stiri\/wp-json\/wp\/v2\/media?parent=93625"}],"wp:term":[{"taxonomy":"category","embeddable":true,"href":"https:\/\/www.giurgiuveanul.ro\/stiri\/wp-json\/wp\/v2\/categories?post=93625"},{"taxonomy":"post_tag","embeddable":true,"href":"https:\/\/www.giurgiuveanul.ro\/stiri\/wp-json\/wp\/v2\/tags?post=93625"}],"curies":[{"name":"wp","href":"https:\/\/api.w.org\/{rel}","templated":true}]}}