{"id":93629,"date":"2022-11-22T10:48:56","date_gmt":"2022-11-22T08:48:56","guid":{"rendered":"https:\/\/www.giurgiuveanul.ro\/stiri\/?p=93629"},"modified":"2022-11-22T10:49:30","modified_gmt":"2022-11-22T08:49:30","slug":"pui-de-caprioara-salvat-de-jandarmii-giurgiuveni","status":"publish","type":"post","link":"https:\/\/www.giurgiuveanul.ro\/stiri\/pui-de-caprioara-salvat-de-jandarmii-giurgiuveni\/","title":{"rendered":"Pui de c\u0103prioar\u0103, salvat de jandarmii giurgiuveni"},"content":{"rendered":"<p style=\"text-align: justify;\"><a href=\"https:\/\/www.giurgiuveanul.ro\/stiri\/wp-content\/uploads\/2022\/11\/WhatsApp-Image-2022-11-21-at-10.48.12.jpeg\"><img loading=\"lazy\" decoding=\"async\" class=\"aligncenter wp-image-93630\" src=\"https:\/\/www.giurgiuveanul.ro\/stiri\/wp-content\/uploads\/2022\/11\/WhatsApp-Image-2022-11-21-at-10.48.12-550x450.jpeg\" alt=\"\" width=\"577\" height=\"472\" srcset=\"https:\/\/www.giurgiuveanul.ro\/stiri\/wp-content\/uploads\/2022\/11\/WhatsApp-Image-2022-11-21-at-10.48.12-550x450.jpeg 550w, https:\/\/www.giurgiuveanul.ro\/stiri\/wp-content\/uploads\/2022\/11\/WhatsApp-Image-2022-11-21-at-10.48.12-250x205.jpeg 250w, https:\/\/www.giurgiuveanul.ro\/stiri\/wp-content\/uploads\/2022\/11\/WhatsApp-Image-2022-11-21-at-10.48.12-768x629.jpeg 768w, https:\/\/www.giurgiuveanul.ro\/stiri\/wp-content\/uploads\/2022\/11\/WhatsApp-Image-2022-11-21-at-10.48.12-400x328.jpeg 400w, https:\/\/www.giurgiuveanul.ro\/stiri\/wp-content\/uploads\/2022\/11\/WhatsApp-Image-2022-11-21-at-10.48.12.jpeg 900w\" sizes=\"auto, (max-width: 577px) 100vw, 577px\" \/><\/a>Un<!--more--> echipaj de jandarmi se afla, recent, in misiune, \u00een colaborare cu Direc\u021bia Silvica Giurgiu, pe raza p\u0103durii din localitatea Malu Spart.<\/p>\n<p style=\"text-align: justify;\">La marginea unui drum forestier, au observat un pui de c\u0103prioar\u0103, iar c\u00e2nd s-au apropiat, puiul nu a fugit, fiind r\u0103nit \u0219i epuizat.<\/p>\n<p style=\"text-align: justify;\">Jandarmii au ridicat puiul de c\u0103prioar\u0103 \u0219i l-au dus la sediul Ocolului Silvic Bolintin-Vale pentru a-i fi acordate \u00eengrijiri medicale.<\/p>\n","protected":false},"excerpt":{"rendered":"<p>Un<\/p>\n","protected":false},"author":1,"featured_media":0,"comment_status":"open","ping_status":"open","sticky":false,"template":"","format":"standard","meta":{"footnotes":""},"categories":[6],"tags":[],"class_list":["post-93629","post","type-post","status-publish","format-standard","hentry","category-breaking-news"],"_links":{"self":[{"href":"https:\/\/www.giurgiuveanul.ro\/stiri\/wp-json\/wp\/v2\/posts\/93629","targetHints":{"allow":["GET"]}}],"collection":[{"href":"https:\/\/www.giurgiuveanul.ro\/stiri\/wp-json\/wp\/v2\/posts"}],"about":[{"href":"https:\/\/www.giurgiuveanul.ro\/stiri\/wp-json\/wp\/v2\/types\/post"}],"author":[{"embeddable":true,"href":"https:\/\/www.giurgiuveanul.ro\/stiri\/wp-json\/wp\/v2\/users\/1"}],"replies":[{"embeddable":true,"href":"https:\/\/www.giurgiuveanul.ro\/stiri\/wp-json\/wp\/v2\/comments?post=93629"}],"version-history":[{"count":0,"href":"https:\/\/www.giurgiuveanul.ro\/stiri\/wp-json\/wp\/v2\/posts\/93629\/revisions"}],"wp:attachment":[{"href":"https:\/\/www.giurgiuveanul.ro\/stiri\/wp-json\/wp\/v2\/media?parent=93629"}],"wp:term":[{"taxonomy":"category","embeddable":true,"href":"https:\/\/www.giurgiuveanul.ro\/stiri\/wp-json\/wp\/v2\/categories?post=93629"},{"taxonomy":"post_tag","embeddable":true,"href":"https:\/\/www.giurgiuveanul.ro\/stiri\/wp-json\/wp\/v2\/tags?post=93629"}],"curies":[{"name":"wp","href":"https:\/\/api.w.org\/{rel}","templated":true}]}}