{"id":93634,"date":"2022-11-22T10:58:13","date_gmt":"2022-11-22T08:58:13","guid":{"rendered":"https:\/\/www.giurgiuveanul.ro\/stiri\/?p=93634"},"modified":"2022-11-22T10:58:13","modified_gmt":"2022-11-22T08:58:13","slug":"ministerul-dezvoltarii-cofinanteaza-un-proiect-de-importanta-majora-pentru-municipiul-giurgiu","status":"publish","type":"post","link":"https:\/\/www.giurgiuveanul.ro\/stiri\/ministerul-dezvoltarii-cofinanteaza-un-proiect-de-importanta-majora-pentru-municipiul-giurgiu\/","title":{"rendered":"Ministerul Dezvolt\u0103rii cofinan\u021beaz\u0103 un proiect de importan\u021b\u0103 major\u0103 pentru municipiul Giurgiu"},"content":{"rendered":"<p style=\"text-align: justify;\"><a href=\"https:\/\/www.giurgiuveanul.ro\/stiri\/wp-content\/uploads\/2022\/11\/316113736_2278996358928573_947347395431285618_n.jpg\"><img loading=\"lazy\" decoding=\"async\" class=\"aligncenter  wp-image-93635\" src=\"https:\/\/www.giurgiuveanul.ro\/stiri\/wp-content\/uploads\/2022\/11\/316113736_2278996358928573_947347395431285618_n-560x417.jpg\" alt=\"\" width=\"579\" height=\"431\" srcset=\"https:\/\/www.giurgiuveanul.ro\/stiri\/wp-content\/uploads\/2022\/11\/316113736_2278996358928573_947347395431285618_n-560x417.jpg 560w, https:\/\/www.giurgiuveanul.ro\/stiri\/wp-content\/uploads\/2022\/11\/316113736_2278996358928573_947347395431285618_n-250x186.jpg 250w, https:\/\/www.giurgiuveanul.ro\/stiri\/wp-content\/uploads\/2022\/11\/316113736_2278996358928573_947347395431285618_n-400x298.jpg 400w, https:\/\/www.giurgiuveanul.ro\/stiri\/wp-content\/uploads\/2022\/11\/316113736_2278996358928573_947347395431285618_n.jpg 700w\" sizes=\"auto, (max-width: 579px) 100vw, 579px\" \/><\/a>O<!--more--> realizare important\u0103 a administra\u021biei locale giurgiuvene este transpus\u0103 \u00een c\u00e2\u0219tigarea cofinan\u021b\u0103rii pentru proiectul \u201d\u00cenlocuire \u0219i redimensionare re\u021bea de transport agent termic \u00eentre racord PT 71 \u0219i PT 62\u201d.<\/p>\n<p style=\"text-align: justify;\">Este vorba despre tronsonul cuprins \u00eentre b-dul Daciei \u0219i gr\u0103dini\u021ba nr.4, proiectul fiind promovat \u00een vederea atragerii cofinan\u021b\u0103rii de c\u0103tre primarul Adrian Anghelescu cu scopul de a moderniza, reabilita, retehnologiza\u00a0 \u0219i extinde sistemul de alimentare centralizat\u0103 cu energie termic\u0103 \u00een municipiul Giurgiu.<\/p>\n<p style=\"text-align: justify;\">Proiectul are o valoare de peste 3 milioane lei, iar cofinan\u021barea asigurat\u0103 de Ministerul Dezvolt\u0103rii, Lucr\u0103rilor Publice \u0219i Administra\u021biei este de 2.323.607,00 lei.<\/p>\n","protected":false},"excerpt":{"rendered":"<p>O<\/p>\n","protected":false},"author":1,"featured_media":0,"comment_status":"open","ping_status":"open","sticky":false,"template":"","format":"standard","meta":{"footnotes":""},"categories":[6],"tags":[],"class_list":["post-93634","post","type-post","status-publish","format-standard","hentry","category-breaking-news"],"_links":{"self":[{"href":"https:\/\/www.giurgiuveanul.ro\/stiri\/wp-json\/wp\/v2\/posts\/93634","targetHints":{"allow":["GET"]}}],"collection":[{"href":"https:\/\/www.giurgiuveanul.ro\/stiri\/wp-json\/wp\/v2\/posts"}],"about":[{"href":"https:\/\/www.giurgiuveanul.ro\/stiri\/wp-json\/wp\/v2\/types\/post"}],"author":[{"embeddable":true,"href":"https:\/\/www.giurgiuveanul.ro\/stiri\/wp-json\/wp\/v2\/users\/1"}],"replies":[{"embeddable":true,"href":"https:\/\/www.giurgiuveanul.ro\/stiri\/wp-json\/wp\/v2\/comments?post=93634"}],"version-history":[{"count":0,"href":"https:\/\/www.giurgiuveanul.ro\/stiri\/wp-json\/wp\/v2\/posts\/93634\/revisions"}],"wp:attachment":[{"href":"https:\/\/www.giurgiuveanul.ro\/stiri\/wp-json\/wp\/v2\/media?parent=93634"}],"wp:term":[{"taxonomy":"category","embeddable":true,"href":"https:\/\/www.giurgiuveanul.ro\/stiri\/wp-json\/wp\/v2\/categories?post=93634"},{"taxonomy":"post_tag","embeddable":true,"href":"https:\/\/www.giurgiuveanul.ro\/stiri\/wp-json\/wp\/v2\/tags?post=93634"}],"curies":[{"name":"wp","href":"https:\/\/api.w.org\/{rel}","templated":true}]}}