{"id":94145,"date":"2022-12-18T17:35:04","date_gmt":"2022-12-18T15:35:04","guid":{"rendered":"https:\/\/www.giurgiuveanul.ro\/stiri\/?p=94145"},"modified":"2022-12-18T17:35:04","modified_gmt":"2022-12-18T15:35:04","slug":"accident-rutier-in-aceasta-dupa-amiaza-soldat-cu-doua-victime-foto","status":"publish","type":"post","link":"https:\/\/www.giurgiuveanul.ro\/stiri\/accident-rutier-in-aceasta-dupa-amiaza-soldat-cu-doua-victime-foto\/","title":{"rendered":"ACCIDENT RUTIER, \u00een aceast\u0103 dup\u0103-amiaz\u0103, soldat cu dou\u0103 victime (FOTO)"},"content":{"rendered":"<p><strong><a href=\"https:\/\/www.giurgiuveanul.ro\/stiri\/wp-content\/uploads\/2022\/12\/WhatsApp-Image-2022-12-18-at-17.18.56.jpeg\"><img loading=\"lazy\" decoding=\"async\" class=\"aligncenter  wp-image-94146\" src=\"https:\/\/www.giurgiuveanul.ro\/stiri\/wp-content\/uploads\/2022\/12\/WhatsApp-Image-2022-12-18-at-17.18.56-560x421.jpeg\" alt=\"\" width=\"580\" height=\"436\" srcset=\"https:\/\/www.giurgiuveanul.ro\/stiri\/wp-content\/uploads\/2022\/12\/WhatsApp-Image-2022-12-18-at-17.18.56-560x421.jpeg 560w, https:\/\/www.giurgiuveanul.ro\/stiri\/wp-content\/uploads\/2022\/12\/WhatsApp-Image-2022-12-18-at-17.18.56-250x188.jpeg 250w, https:\/\/www.giurgiuveanul.ro\/stiri\/wp-content\/uploads\/2022\/12\/WhatsApp-Image-2022-12-18-at-17.18.56-768x578.jpeg 768w, https:\/\/www.giurgiuveanul.ro\/stiri\/wp-content\/uploads\/2022\/12\/WhatsApp-Image-2022-12-18-at-17.18.56-1536x1156.jpeg 1536w, https:\/\/www.giurgiuveanul.ro\/stiri\/wp-content\/uploads\/2022\/12\/WhatsApp-Image-2022-12-18-at-17.18.56-400x301.jpeg 400w, https:\/\/www.giurgiuveanul.ro\/stiri\/wp-content\/uploads\/2022\/12\/WhatsApp-Image-2022-12-18-at-17.18.56.jpeg 1600w\" sizes=\"auto, (max-width: 580px) 100vw, 580px\" \/><\/a>Dou\u0103<!--more--> femei au avut nevoie de \u00eengrijiri medicale \u00een urma unui accident rutier ce s-a produs, \u00een aceast\u0103 dup\u0103-amiaz\u0103, pe A1 Bucure\u0219ti-Pite\u0219ti, la km 44. Una dintre persoanele r\u0103nite este \u00eens\u0103rcinat\u0103, informeaz\u0103 ISU Giurgiu.<\/strong><\/p>\n<p>&nbsp;<\/p>\n<p>Evenimentul a avut loc pe sensul de mers spre capital\u0103, fiind implicate trei autoturisme.<\/p>\n<p>&nbsp;<\/p>\n<p>La fa\u021ba locului s-au deplasat pompierii din cadrul Deta\u0219amentului Bolintin Deal \u0219i G\u0103rzii de Interven\u021bie Roata de Jos cu o autospecial\u0103 de stingere, dotat\u0103 cu modul de descarcerare, un echipaj SMURD \u0219i dou\u0103 ambulan\u021be SAJ.<\/p>\n<p>&nbsp;<\/p>\n<p>Femeia \u00eens\u0103rcinat\u0103, \u00een v\u00e2rst\u0103 de 34 de ani, a fost preluat\u0103 de paramedici \u0219i transportat\u0103 la un spital din capital\u0103. O alt\u0103 femeie, \u00een v\u00e2rst\u0103 de 29 de ani, a ajuns la spital cu ambulan\u021ba SAJ.<\/p>\n<p>&nbsp;<\/p>\n<p>Pompierii au asigurat m\u0103surile de prevenire a incendiilor, prin deconectarea bornelor de la bateriile autoturismelor \u0219i au ac\u021bionat pentru sablarea p\u0103r\u021bii carosabile.<\/p>\n<p>&nbsp;<\/p>\n<p>Cazul a r\u0103mas \u00een aten\u021bia Poli\u021biei pentru cercet\u0103ri.<\/p>\n","protected":false},"excerpt":{"rendered":"<p>Dou\u0103<\/p>\n","protected":false},"author":1,"featured_media":0,"comment_status":"open","ping_status":"open","sticky":false,"template":"","format":"standard","meta":{"footnotes":""},"categories":[6],"tags":[],"class_list":["post-94145","post","type-post","status-publish","format-standard","hentry","category-breaking-news"],"_links":{"self":[{"href":"https:\/\/www.giurgiuveanul.ro\/stiri\/wp-json\/wp\/v2\/posts\/94145","targetHints":{"allow":["GET"]}}],"collection":[{"href":"https:\/\/www.giurgiuveanul.ro\/stiri\/wp-json\/wp\/v2\/posts"}],"about":[{"href":"https:\/\/www.giurgiuveanul.ro\/stiri\/wp-json\/wp\/v2\/types\/post"}],"author":[{"embeddable":true,"href":"https:\/\/www.giurgiuveanul.ro\/stiri\/wp-json\/wp\/v2\/users\/1"}],"replies":[{"embeddable":true,"href":"https:\/\/www.giurgiuveanul.ro\/stiri\/wp-json\/wp\/v2\/comments?post=94145"}],"version-history":[{"count":0,"href":"https:\/\/www.giurgiuveanul.ro\/stiri\/wp-json\/wp\/v2\/posts\/94145\/revisions"}],"wp:attachment":[{"href":"https:\/\/www.giurgiuveanul.ro\/stiri\/wp-json\/wp\/v2\/media?parent=94145"}],"wp:term":[{"taxonomy":"category","embeddable":true,"href":"https:\/\/www.giurgiuveanul.ro\/stiri\/wp-json\/wp\/v2\/categories?post=94145"},{"taxonomy":"post_tag","embeddable":true,"href":"https:\/\/www.giurgiuveanul.ro\/stiri\/wp-json\/wp\/v2\/tags?post=94145"}],"curies":[{"name":"wp","href":"https:\/\/api.w.org\/{rel}","templated":true}]}}