{"id":94149,"date":"2022-12-18T19:13:01","date_gmt":"2022-12-18T17:13:01","guid":{"rendered":"https:\/\/www.giurgiuveanul.ro\/stiri\/?p=94149"},"modified":"2022-12-18T19:16:08","modified_gmt":"2022-12-18T17:16:08","slug":"micutii-fotbalisti-de-la-acs-pro-giurgiu-au-primit-astazi-cadouri-de-la-mos-craciun-foto","status":"publish","type":"post","link":"https:\/\/www.giurgiuveanul.ro\/stiri\/micutii-fotbalisti-de-la-acs-pro-giurgiu-au-primit-astazi-cadouri-de-la-mos-craciun-foto\/","title":{"rendered":"Micu\u0163ii fotbali\u015fti de la ACS Pro Giurgiu au primit, ast\u0103zi, cadouri de la Mo\u015f Cr\u0103ciun! (FOTO)"},"content":{"rendered":"<p><strong><a href=\"https:\/\/www.giurgiuveanul.ro\/stiri\/wp-content\/uploads\/2022\/12\/1-6.jpg\"><img loading=\"lazy\" decoding=\"async\" class=\"aligncenter wp-image-94150\" src=\"https:\/\/www.giurgiuveanul.ro\/stiri\/wp-content\/uploads\/2022\/12\/1-6-560x222.jpg\" alt=\"\" width=\"585\" height=\"232\" srcset=\"https:\/\/www.giurgiuveanul.ro\/stiri\/wp-content\/uploads\/2022\/12\/1-6-560x222.jpg 560w, https:\/\/www.giurgiuveanul.ro\/stiri\/wp-content\/uploads\/2022\/12\/1-6-250x99.jpg 250w, https:\/\/www.giurgiuveanul.ro\/stiri\/wp-content\/uploads\/2022\/12\/1-6-768x304.jpg 768w, https:\/\/www.giurgiuveanul.ro\/stiri\/wp-content\/uploads\/2022\/12\/1-6-1536x608.jpg 1536w, https:\/\/www.giurgiuveanul.ro\/stiri\/wp-content\/uploads\/2022\/12\/1-6-400x158.jpg 400w, https:\/\/www.giurgiuveanul.ro\/stiri\/wp-content\/uploads\/2022\/12\/1-6.jpg 2048w\" sizes=\"auto, (max-width: 585px) 100vw, 585px\" \/><\/a>Conform tradi\u0163iei,<!--more--> \u00een pragul s\u0103rb\u0103torilor de iarn\u0103, copiii de la ACS Pro Giurgiu s-au bucurat de cadouri de la Mo\u0219 Cr\u0103ciun!<\/strong><\/p>\n<p><a href=\"https:\/\/www.giurgiuveanul.ro\/stiri\/wp-content\/uploads\/2022\/12\/5-3.jpg\"><img loading=\"lazy\" decoding=\"async\" class=\"aligncenter wp-image-94156\" src=\"https:\/\/www.giurgiuveanul.ro\/stiri\/wp-content\/uploads\/2022\/12\/5-3-560x218.jpg\" alt=\"\" width=\"583\" height=\"227\" srcset=\"https:\/\/www.giurgiuveanul.ro\/stiri\/wp-content\/uploads\/2022\/12\/5-3-560x218.jpg 560w, https:\/\/www.giurgiuveanul.ro\/stiri\/wp-content\/uploads\/2022\/12\/5-3-250x98.jpg 250w, https:\/\/www.giurgiuveanul.ro\/stiri\/wp-content\/uploads\/2022\/12\/5-3-768x300.jpg 768w, https:\/\/www.giurgiuveanul.ro\/stiri\/wp-content\/uploads\/2022\/12\/5-3-1536x599.jpg 1536w, https:\/\/www.giurgiuveanul.ro\/stiri\/wp-content\/uploads\/2022\/12\/5-3-400x156.jpg 400w, https:\/\/www.giurgiuveanul.ro\/stiri\/wp-content\/uploads\/2022\/12\/5-3.jpg 2048w\" sizes=\"auto, (max-width: 583px) 100vw, 583px\" \/><\/a>Ast\u0103zi, \u00eentr-un cadru festiv, cu participarea tuturor grupelor din cadrul clubului, precum \u0219i cu un moment artistic al fetelor de la\u00a0 Milenium Art, micu\u0163ii fotbali\u015fti au primit cadourile mult a\u015fteptate de la ajutoarele Mo\u015fului, respectiv de la antrenorii <strong>George \u0218an\u021bmare, Virgil Lascarache \u0219i Radu Marin<\/strong>.<\/p>\n<p><a href=\"https:\/\/www.giurgiuveanul.ro\/stiri\/wp-content\/uploads\/2022\/12\/2-4.jpg\"><img loading=\"lazy\" decoding=\"async\" class=\"aligncenter wp-image-94154\" src=\"https:\/\/www.giurgiuveanul.ro\/stiri\/wp-content\/uploads\/2022\/12\/2-4-359x450.jpg\" alt=\"\" width=\"583\" height=\"731\" srcset=\"https:\/\/www.giurgiuveanul.ro\/stiri\/wp-content\/uploads\/2022\/12\/2-4-359x450.jpg 359w, https:\/\/www.giurgiuveanul.ro\/stiri\/wp-content\/uploads\/2022\/12\/2-4-239x300.jpg 239w, https:\/\/www.giurgiuveanul.ro\/stiri\/wp-content\/uploads\/2022\/12\/2-4-768x963.jpg 768w, https:\/\/www.giurgiuveanul.ro\/stiri\/wp-content\/uploads\/2022\/12\/2-4-1226x1536.jpg 1226w, https:\/\/www.giurgiuveanul.ro\/stiri\/wp-content\/uploads\/2022\/12\/2-4-400x501.jpg 400w, https:\/\/www.giurgiuveanul.ro\/stiri\/wp-content\/uploads\/2022\/12\/2-4.jpg 1634w\" sizes=\"auto, (max-width: 583px) 100vw, 583px\" \/><\/a><\/p>\n<p>Printre cei prezen\u021bi s-a aflat \u0219i unul dintre fondatorii clubului, <strong>Drago\u015f Chiriceanu<\/strong>, actualmente secretar AJF Giurgiu.<\/p>\n<p><a href=\"https:\/\/www.giurgiuveanul.ro\/stiri\/wp-content\/uploads\/2022\/12\/3-4.jpg\"><img loading=\"lazy\" decoding=\"async\" class=\"aligncenter wp-image-94155\" src=\"https:\/\/www.giurgiuveanul.ro\/stiri\/wp-content\/uploads\/2022\/12\/3-4-440x450.jpg\" alt=\"\" width=\"579\" height=\"592\" srcset=\"https:\/\/www.giurgiuveanul.ro\/stiri\/wp-content\/uploads\/2022\/12\/3-4-440x450.jpg 440w, https:\/\/www.giurgiuveanul.ro\/stiri\/wp-content\/uploads\/2022\/12\/3-4-250x256.jpg 250w, https:\/\/www.giurgiuveanul.ro\/stiri\/wp-content\/uploads\/2022\/12\/3-4-768x786.jpg 768w, https:\/\/www.giurgiuveanul.ro\/stiri\/wp-content\/uploads\/2022\/12\/3-4-1501x1536.jpg 1501w, https:\/\/www.giurgiuveanul.ro\/stiri\/wp-content\/uploads\/2022\/12\/3-4-400x409.jpg 400w, https:\/\/www.giurgiuveanul.ro\/stiri\/wp-content\/uploads\/2022\/12\/3-4.jpg 2001w\" sizes=\"auto, (max-width: 579px) 100vw, 579px\" \/><\/a><\/p>\n<p>Cadourile de la Mo\u015fu\u2019 au fost pe m\u0103sura a\u015ftept\u0103rilor, de ele bucur\u00e2ndu-se at\u00e2t cei mici c\u00e2t \u0219i cei mari, care nu a fost (nici ei) omi\u015fi.<\/p>\n<p><a href=\"https:\/\/www.giurgiuveanul.ro\/stiri\/wp-content\/uploads\/2022\/12\/4-4.jpg\"><img loading=\"lazy\" decoding=\"async\" class=\"aligncenter  wp-image-94158\" src=\"https:\/\/www.giurgiuveanul.ro\/stiri\/wp-content\/uploads\/2022\/12\/4-4-560x293.jpg\" alt=\"\" width=\"581\" height=\"304\" srcset=\"https:\/\/www.giurgiuveanul.ro\/stiri\/wp-content\/uploads\/2022\/12\/4-4-560x293.jpg 560w, https:\/\/www.giurgiuveanul.ro\/stiri\/wp-content\/uploads\/2022\/12\/4-4-250x131.jpg 250w, https:\/\/www.giurgiuveanul.ro\/stiri\/wp-content\/uploads\/2022\/12\/4-4-768x401.jpg 768w, https:\/\/www.giurgiuveanul.ro\/stiri\/wp-content\/uploads\/2022\/12\/4-4-1536x803.jpg 1536w, https:\/\/www.giurgiuveanul.ro\/stiri\/wp-content\/uploads\/2022\/12\/4-4-400x209.jpg 400w, https:\/\/www.giurgiuveanul.ro\/stiri\/wp-content\/uploads\/2022\/12\/4-4.jpg 2048w\" sizes=\"auto, (max-width: 581px) 100vw, 581px\" \/><\/a><\/p>\n","protected":false},"excerpt":{"rendered":"<p>Conform tradi\u0163iei,<\/p>\n","protected":false},"author":1,"featured_media":0,"comment_status":"open","ping_status":"open","sticky":false,"template":"","format":"standard","meta":{"footnotes":""},"categories":[6],"tags":[],"class_list":["post-94149","post","type-post","status-publish","format-standard","hentry","category-breaking-news"],"_links":{"self":[{"href":"https:\/\/www.giurgiuveanul.ro\/stiri\/wp-json\/wp\/v2\/posts\/94149","targetHints":{"allow":["GET"]}}],"collection":[{"href":"https:\/\/www.giurgiuveanul.ro\/stiri\/wp-json\/wp\/v2\/posts"}],"about":[{"href":"https:\/\/www.giurgiuveanul.ro\/stiri\/wp-json\/wp\/v2\/types\/post"}],"author":[{"embeddable":true,"href":"https:\/\/www.giurgiuveanul.ro\/stiri\/wp-json\/wp\/v2\/users\/1"}],"replies":[{"embeddable":true,"href":"https:\/\/www.giurgiuveanul.ro\/stiri\/wp-json\/wp\/v2\/comments?post=94149"}],"version-history":[{"count":0,"href":"https:\/\/www.giurgiuveanul.ro\/stiri\/wp-json\/wp\/v2\/posts\/94149\/revisions"}],"wp:attachment":[{"href":"https:\/\/www.giurgiuveanul.ro\/stiri\/wp-json\/wp\/v2\/media?parent=94149"}],"wp:term":[{"taxonomy":"category","embeddable":true,"href":"https:\/\/www.giurgiuveanul.ro\/stiri\/wp-json\/wp\/v2\/categories?post=94149"},{"taxonomy":"post_tag","embeddable":true,"href":"https:\/\/www.giurgiuveanul.ro\/stiri\/wp-json\/wp\/v2\/tags?post=94149"}],"curies":[{"name":"wp","href":"https:\/\/api.w.org\/{rel}","templated":true}]}}