{"id":94168,"date":"2022-12-19T18:22:21","date_gmt":"2022-12-19T16:22:21","guid":{"rendered":"https:\/\/www.giurgiuveanul.ro\/stiri\/?p=94168"},"modified":"2022-12-19T18:22:42","modified_gmt":"2022-12-19T16:22:42","slug":"gabriela-horga-deputat-pnl-de-giurgiu-casele-teritoriale-de-pensii-vor-deconta-cheltuielile-efectuate-de-cetateni-pentru-serviciile-arhivistice-in-cazul-documentelor-referitoare-la-stagiile-de-cotiz","status":"publish","type":"post","link":"https:\/\/www.giurgiuveanul.ro\/stiri\/gabriela-horga-deputat-pnl-de-giurgiu-casele-teritoriale-de-pensii-vor-deconta-cheltuielile-efectuate-de-cetateni-pentru-serviciile-arhivistice-in-cazul-documentelor-referitoare-la-stagiile-de-cotiz\/","title":{"rendered":"Gabriela Horga, deputat PNL de Giurgiu: Casele teritoriale de pensii vor deconta cheltuielile efectuate de cet\u0103\u021beni pentru serviciile arhivistice \u00een cazul documentelor referitoare la stagiile de cotizare la asigur\u0103rile sociale"},"content":{"rendered":"<p style=\"text-align: justify;\"><a href=\"https:\/\/www.giurgiuveanul.ro\/stiri\/wp-content\/uploads\/2022\/12\/1-2-1.jpg\"><img loading=\"lazy\" decoding=\"async\" class=\"aligncenter wp-image-94169\" src=\"https:\/\/www.giurgiuveanul.ro\/stiri\/wp-content\/uploads\/2022\/12\/1-2-1-545x450.jpg\" alt=\"\" width=\"577\" height=\"476\" srcset=\"https:\/\/www.giurgiuveanul.ro\/stiri\/wp-content\/uploads\/2022\/12\/1-2-1-545x450.jpg 545w, https:\/\/www.giurgiuveanul.ro\/stiri\/wp-content\/uploads\/2022\/12\/1-2-1-250x206.jpg 250w, https:\/\/www.giurgiuveanul.ro\/stiri\/wp-content\/uploads\/2022\/12\/1-2-1-400x330.jpg 400w, https:\/\/www.giurgiuveanul.ro\/stiri\/wp-content\/uploads\/2022\/12\/1-2-1.jpg 710w\" sizes=\"auto, (max-width: 577px) 100vw, 577px\" \/><\/a>Camera Deputa\u021bilor a<!--more--> adoptat acest proiect de lege \u00een acest sens, la care sunt <a href=\"https:\/\/www.facebook.com\/hashtag\/ini%C8%9Biator?__eep__=6&amp;__cft__%5b0%5d=AZVMxkTUjGh23a4SazXxB-o1Y7rrnnnWV0lKJpMz_vwCjK6WXxhI3fEpscHx6PPoEvL6JSaPRN29inRpZqMgbzufb4XObA8pi8PssF8VGrksohGTV1hXyjXWbagDrQ4JKb-nAOdI2HdkRLdSqVXq7sb8O_CAEFhVTwO2HlmsxFVxEfdG9_tu8sFnLmjWQWabkzw&amp;__tn__=*NK-R\">ini\u021biator<\/a> principal.<\/p>\n<p style=\"text-align: justify;\">Cheltuielile vor fi suportate de la bugetul asigur\u0103rilor sociale de stat. Lu\u0103m de pe umerii pensionarilor povara suplimentar\u0103 a pl\u0103\u021bii pentru a avea acces la documente privind activitatea lor.<\/p>\n<p style=\"text-align: justify;\">Actul normativ se refer\u0103 la documentele \u00een baza c\u0103ror se elibereaz\u0103 copii, certificate, adeverin\u021be \u0219i extrase privind drepturile referitoare la stagiile de cotizare la asigur\u0103rile sociale.<\/p>\n<p style=\"text-align: justify;\">Pentru a evita situa\u021biile \u00een care solicitan\u021bii nu pot identifica entitatea care a preluat documentele, Arhivele Na\u021bionale \u0219i operatorii economici au obliga\u021bia s\u0103 publice situa\u021bia documentelor preluate. Nepublicarea acestor informa\u021bii va fi sanc\u021bionat\u0103 cu amend\u0103 contraven\u021bional\u0103. Pentru c\u0103 \u00een prezent nu exist\u0103 sanc\u021biuni, unii dintre ace\u0219ti operatori economici nu public\u0103 situa\u021b\u0103ia documentelor relevante.<\/p>\n<p style=\"text-align: justify;\">Termenul de eliberare a documentelor va fi de 90 de zile. \u00cen prezent, nu exist\u0103 un termen, ceea ce face ca solicitan\u021bii s\u0103 a\u0219tepte foarte mult.<\/p>\n<p style=\"text-align: justify;\">Documentele care au mai r\u0103mas \u00een posesia Arhivelor Na\u021bionale sau a caselor de pensii urmeaz\u0103 s\u0103 fie predate operatorilor economici.<\/p>\n<p style=\"text-align: justify;\">\u00cen anul 2003, Arhivele Na\u021bionale au preluat documentele \u00eentreprinderilor \u00eenfiin\u021bate \u00eenainte de 1990, transformate sau lichidate ulterior. Arhivele na\u021bionale \u0219i casele teritoriale de pensii au e\u0219uat \u00een administrarea acestor documente. \u00cencep\u00e2nd cu anul 2013, documentele au fost preluate de operatori economici autoriza\u021bi prestatori de servicii arhivistice. Cele mai multe documente se reg\u0103sesc la aceste firme, dar o parte dintre documente au r\u0103mas \u00een posesia caselor de pensii teritoriale sau a arhivelor na\u021bionale.<\/p>\n<p style=\"text-align: center;\"><strong>Gabriela Horga,\u00a0<\/strong><\/p>\n<p style=\"text-align: center;\"><strong> Deputat PNL de Giurgiu<\/strong><\/p>\n","protected":false},"excerpt":{"rendered":"<p>Camera Deputa\u021bilor a<\/p>\n","protected":false},"author":1,"featured_media":0,"comment_status":"open","ping_status":"open","sticky":false,"template":"","format":"standard","meta":{"footnotes":""},"categories":[6],"tags":[],"class_list":["post-94168","post","type-post","status-publish","format-standard","hentry","category-breaking-news"],"_links":{"self":[{"href":"https:\/\/www.giurgiuveanul.ro\/stiri\/wp-json\/wp\/v2\/posts\/94168","targetHints":{"allow":["GET"]}}],"collection":[{"href":"https:\/\/www.giurgiuveanul.ro\/stiri\/wp-json\/wp\/v2\/posts"}],"about":[{"href":"https:\/\/www.giurgiuveanul.ro\/stiri\/wp-json\/wp\/v2\/types\/post"}],"author":[{"embeddable":true,"href":"https:\/\/www.giurgiuveanul.ro\/stiri\/wp-json\/wp\/v2\/users\/1"}],"replies":[{"embeddable":true,"href":"https:\/\/www.giurgiuveanul.ro\/stiri\/wp-json\/wp\/v2\/comments?post=94168"}],"version-history":[{"count":0,"href":"https:\/\/www.giurgiuveanul.ro\/stiri\/wp-json\/wp\/v2\/posts\/94168\/revisions"}],"wp:attachment":[{"href":"https:\/\/www.giurgiuveanul.ro\/stiri\/wp-json\/wp\/v2\/media?parent=94168"}],"wp:term":[{"taxonomy":"category","embeddable":true,"href":"https:\/\/www.giurgiuveanul.ro\/stiri\/wp-json\/wp\/v2\/categories?post=94168"},{"taxonomy":"post_tag","embeddable":true,"href":"https:\/\/www.giurgiuveanul.ro\/stiri\/wp-json\/wp\/v2\/tags?post=94168"}],"curies":[{"name":"wp","href":"https:\/\/api.w.org\/{rel}","templated":true}]}}