{"id":94192,"date":"2022-12-21T17:47:48","date_gmt":"2022-12-21T15:47:48","guid":{"rendered":"https:\/\/www.giurgiuveanul.ro\/stiri\/?p=94192"},"modified":"2022-12-21T17:48:50","modified_gmt":"2022-12-21T15:48:50","slug":"dgaspc-giurgiu-actiuni-caritabile","status":"publish","type":"post","link":"https:\/\/www.giurgiuveanul.ro\/stiri\/dgaspc-giurgiu-actiuni-caritabile\/","title":{"rendered":"DGASPC Giurgiu. Ac\u021biuni caritabile"},"content":{"rendered":"<p style=\"text-align: justify;\"><a href=\"https:\/\/www.giurgiuveanul.ro\/stiri\/wp-content\/uploads\/2022\/12\/0-1.jpg\"><img loading=\"lazy\" decoding=\"async\" class=\"aligncenter wp-image-94193\" src=\"https:\/\/www.giurgiuveanul.ro\/stiri\/wp-content\/uploads\/2022\/12\/0-1-532x450.jpg\" alt=\"\" width=\"571\" height=\"483\" srcset=\"https:\/\/www.giurgiuveanul.ro\/stiri\/wp-content\/uploads\/2022\/12\/0-1-532x450.jpg 532w, https:\/\/www.giurgiuveanul.ro\/stiri\/wp-content\/uploads\/2022\/12\/0-1-250x211.jpg 250w, https:\/\/www.giurgiuveanul.ro\/stiri\/wp-content\/uploads\/2022\/12\/0-1-400x338.jpg 400w, https:\/\/www.giurgiuveanul.ro\/stiri\/wp-content\/uploads\/2022\/12\/0-1.jpg 759w\" sizes=\"auto, (max-width: 571px) 100vw, 571px\" \/><\/a>Dup\u0103 \u00eempodobirea bradului la<!--more--> Capela din curtea Centrului pentru persoane v\u00e2rstnice Mirone\u0219ti, preotul Centrului, Alexandru Grigore, \u0219i-a \u00eendreptat aten\u021bia \u0219i c\u0103tre copii, at\u00e2t c\u0103tre copii din comunitate c\u00e2t \u0219i c\u0103tre copii din sistemul de protec\u021bie special\u0103.<\/p>\n<p><a href=\"https:\/\/www.giurgiuveanul.ro\/stiri\/wp-content\/uploads\/2022\/12\/2-1-1.jpg\"><img loading=\"lazy\" decoding=\"async\" class=\"aligncenter  wp-image-94195\" src=\"https:\/\/www.giurgiuveanul.ro\/stiri\/wp-content\/uploads\/2022\/12\/2-1-1-334x450.jpg\" alt=\"\" width=\"572\" height=\"771\" srcset=\"https:\/\/www.giurgiuveanul.ro\/stiri\/wp-content\/uploads\/2022\/12\/2-1-1-334x450.jpg 334w, https:\/\/www.giurgiuveanul.ro\/stiri\/wp-content\/uploads\/2022\/12\/2-1-1-223x300.jpg 223w, https:\/\/www.giurgiuveanul.ro\/stiri\/wp-content\/uploads\/2022\/12\/2-1-1-768x1035.jpg 768w, https:\/\/www.giurgiuveanul.ro\/stiri\/wp-content\/uploads\/2022\/12\/2-1-1-400x539.jpg 400w, https:\/\/www.giurgiuveanul.ro\/stiri\/wp-content\/uploads\/2022\/12\/2-1-1.jpg 1131w\" sizes=\"auto, (max-width: 572px) 100vw, 572px\" \/><\/a> <a href=\"https:\/\/www.giurgiuveanul.ro\/stiri\/wp-content\/uploads\/2022\/12\/3-5.jpg\"><img loading=\"lazy\" decoding=\"async\" class=\"aligncenter  wp-image-94196\" src=\"https:\/\/www.giurgiuveanul.ro\/stiri\/wp-content\/uploads\/2022\/12\/3-5-560x376.jpg\" alt=\"\" width=\"567\" height=\"381\" srcset=\"https:\/\/www.giurgiuveanul.ro\/stiri\/wp-content\/uploads\/2022\/12\/3-5-560x376.jpg 560w, https:\/\/www.giurgiuveanul.ro\/stiri\/wp-content\/uploads\/2022\/12\/3-5-250x168.jpg 250w, https:\/\/www.giurgiuveanul.ro\/stiri\/wp-content\/uploads\/2022\/12\/3-5-768x516.jpg 768w, https:\/\/www.giurgiuveanul.ro\/stiri\/wp-content\/uploads\/2022\/12\/3-5-1536x1031.jpg 1536w, https:\/\/www.giurgiuveanul.ro\/stiri\/wp-content\/uploads\/2022\/12\/3-5-400x269.jpg 400w, https:\/\/www.giurgiuveanul.ro\/stiri\/wp-content\/uploads\/2022\/12\/3-5.jpg 1856w\" sizes=\"auto, (max-width: 567px) 100vw, 567px\" \/><\/a> <a href=\"https:\/\/www.giurgiuveanul.ro\/stiri\/wp-content\/uploads\/2022\/12\/4-5.jpg\"><img loading=\"lazy\" decoding=\"async\" class=\"aligncenter  wp-image-94197\" src=\"https:\/\/www.giurgiuveanul.ro\/stiri\/wp-content\/uploads\/2022\/12\/4-5-302x450.jpg\" alt=\"\" width=\"567\" height=\"845\" srcset=\"https:\/\/www.giurgiuveanul.ro\/stiri\/wp-content\/uploads\/2022\/12\/4-5-302x450.jpg 302w, https:\/\/www.giurgiuveanul.ro\/stiri\/wp-content\/uploads\/2022\/12\/4-5-201x300.jpg 201w, https:\/\/www.giurgiuveanul.ro\/stiri\/wp-content\/uploads\/2022\/12\/4-5.jpg 375w\" sizes=\"auto, (max-width: 567px) 100vw, 567px\" \/><\/a><\/p>\n<p style=\"text-align: justify;\">Astfel, \u00een data de 21 decembrie 2022, dup\u0103 ce a fost cu daruri la zece copii care locuiesc \u00een satul Mirone\u0219ti, c\u0103rora le-a d\u0103ruit, alimente neperisabile, dulciuri, haine, produse de igien\u0103 personal\u0103 \u0219i juc\u0103rii, preotul Centrului pentru persoane v\u00e2rstnice a fost \u00een vizit\u0103 la casele de tip familial \u201cCasa Albastr\u0103\u201d,\u00a0 \u201cCasa Gabriela\u201d \u0219i \u201cCasa Andrei\u201d, structuri reziden\u021biale din cadrul Direc\u021biei Generale de Asisten\u021b\u0103 Social\u0103 \u0219i Protec\u021bia Copilului Giurgiu. Cei 30 de copii afla\u021bi \u00een plasament \u00een cele trei case de tip familial\u00a0 au fost bucuro\u0219i de oaspe\u021bi, au fost \u00eenc\u00e2nta\u021bi\u00a0 de darurile primite: dulciuri, obiecte de igien\u0103 personal\u0103, instrumente de colorat \u0219i de scris; \u00een semn de mul\u021bumire au c\u00e2ntat \u0219i au spus poezii.<\/p>\n<p style=\"text-align: justify;\"><em>\u201cEste o bucurie duhovniceasc\u0103 faptul c\u0103 am putut face daruri copiilor, mai ales ei a\u0219teapt\u0103 daruri de la Mo\u0219 Cr\u0103ciun. Am avut sprijinul unui sponsor, Asocia\u021bia Altruist, \u0219i astfel copiii pe care i-am vizitat au fost \u00eenc\u00e2nta\u021bi. Sper\u0103m ca ac\u021biunile noastre social- filantropice s\u0103 continue \u0219i \u00een viitor, at\u00e2t pentru v\u00e2rstnici, c\u00e2t \u0219i pentru copii\u201d,<\/em> a declarat preotul\u00a0Centrului pentru persoane v\u00e2rstnice Mirone\u0219ti, Alexandru Grigore.<\/p>\n<p style=\"text-align: center;\"><em><strong> D.G.A.S.P.C. Giurgiu<\/strong><\/em><\/p>\n","protected":false},"excerpt":{"rendered":"<p>Dup\u0103 \u00eempodobirea bradului la<\/p>\n","protected":false},"author":1,"featured_media":0,"comment_status":"open","ping_status":"open","sticky":false,"template":"","format":"standard","meta":{"footnotes":""},"categories":[6],"tags":[],"class_list":["post-94192","post","type-post","status-publish","format-standard","hentry","category-breaking-news"],"_links":{"self":[{"href":"https:\/\/www.giurgiuveanul.ro\/stiri\/wp-json\/wp\/v2\/posts\/94192","targetHints":{"allow":["GET"]}}],"collection":[{"href":"https:\/\/www.giurgiuveanul.ro\/stiri\/wp-json\/wp\/v2\/posts"}],"about":[{"href":"https:\/\/www.giurgiuveanul.ro\/stiri\/wp-json\/wp\/v2\/types\/post"}],"author":[{"embeddable":true,"href":"https:\/\/www.giurgiuveanul.ro\/stiri\/wp-json\/wp\/v2\/users\/1"}],"replies":[{"embeddable":true,"href":"https:\/\/www.giurgiuveanul.ro\/stiri\/wp-json\/wp\/v2\/comments?post=94192"}],"version-history":[{"count":0,"href":"https:\/\/www.giurgiuveanul.ro\/stiri\/wp-json\/wp\/v2\/posts\/94192\/revisions"}],"wp:attachment":[{"href":"https:\/\/www.giurgiuveanul.ro\/stiri\/wp-json\/wp\/v2\/media?parent=94192"}],"wp:term":[{"taxonomy":"category","embeddable":true,"href":"https:\/\/www.giurgiuveanul.ro\/stiri\/wp-json\/wp\/v2\/categories?post=94192"},{"taxonomy":"post_tag","embeddable":true,"href":"https:\/\/www.giurgiuveanul.ro\/stiri\/wp-json\/wp\/v2\/tags?post=94192"}],"curies":[{"name":"wp","href":"https:\/\/api.w.org\/{rel}","templated":true}]}}