{"id":94199,"date":"2022-12-21T18:10:28","date_gmt":"2022-12-21T16:10:28","guid":{"rendered":"https:\/\/www.giurgiuveanul.ro\/stiri\/?p=94199"},"modified":"2022-12-21T18:11:45","modified_gmt":"2022-12-21T16:11:45","slug":"politistii-din-cadrul-politiei-orasului-bolintin-vale-au-fost-mesagerii-lui-mos-craciun","status":"publish","type":"post","link":"https:\/\/www.giurgiuveanul.ro\/stiri\/politistii-din-cadrul-politiei-orasului-bolintin-vale-au-fost-mesagerii-lui-mos-craciun\/","title":{"rendered":"POLI\u021aI\u0218TII DIN CADRUL POLI\u021aIEI ORA\u0218ULUI BOLINTIN VALE AU FOST MESAGERII LUI MO\u0218 CR\u0102CIUN"},"content":{"rendered":"<p style=\"text-align: justify;\"><strong><a href=\"https:\/\/www.giurgiuveanul.ro\/stiri\/wp-content\/uploads\/2022\/12\/foto1.jpeg\"><img loading=\"lazy\" decoding=\"async\" class=\"aligncenter wp-image-94200\" src=\"https:\/\/www.giurgiuveanul.ro\/stiri\/wp-content\/uploads\/2022\/12\/foto1-546x450.jpeg\" alt=\"\" width=\"583\" height=\"481\" srcset=\"https:\/\/www.giurgiuveanul.ro\/stiri\/wp-content\/uploads\/2022\/12\/foto1-546x450.jpeg 546w, https:\/\/www.giurgiuveanul.ro\/stiri\/wp-content\/uploads\/2022\/12\/foto1-250x206.jpeg 250w, https:\/\/www.giurgiuveanul.ro\/stiri\/wp-content\/uploads\/2022\/12\/foto1-768x633.jpeg 768w, https:\/\/www.giurgiuveanul.ro\/stiri\/wp-content\/uploads\/2022\/12\/foto1-400x330.jpeg 400w, https:\/\/www.giurgiuveanul.ro\/stiri\/wp-content\/uploads\/2022\/12\/foto1.jpeg 1134w\" sizes=\"auto, (max-width: 583px) 100vw, 583px\" \/><\/a>Alimente \u015fi<!--more--> alte produse de strict\u0103 necesitate au fost\u00a0distribuite de c\u0103tre poli\u0163i\u015ftii din cadrul Poli\u021biei ora\u0219 Bolintin Vale unor persoane aflate \u00een dificultate, copii sau persoane nevoia\u015fe, cu prilejul S\u0103rb\u0103torilor de Cr\u0103ciun.<\/strong><\/p>\n<p><a href=\"https:\/\/www.giurgiuveanul.ro\/stiri\/wp-content\/uploads\/2022\/12\/foto2-1.jpeg\"><img loading=\"lazy\" decoding=\"async\" class=\"aligncenter  wp-image-94203\" src=\"https:\/\/www.giurgiuveanul.ro\/stiri\/wp-content\/uploads\/2022\/12\/foto2-1-560x423.jpeg\" alt=\"\" width=\"575\" height=\"434\" srcset=\"https:\/\/www.giurgiuveanul.ro\/stiri\/wp-content\/uploads\/2022\/12\/foto2-1-560x423.jpeg 560w, https:\/\/www.giurgiuveanul.ro\/stiri\/wp-content\/uploads\/2022\/12\/foto2-1-250x189.jpeg 250w, https:\/\/www.giurgiuveanul.ro\/stiri\/wp-content\/uploads\/2022\/12\/foto2-1-768x580.jpeg 768w, https:\/\/www.giurgiuveanul.ro\/stiri\/wp-content\/uploads\/2022\/12\/foto2-1-400x302.jpeg 400w, https:\/\/www.giurgiuveanul.ro\/stiri\/wp-content\/uploads\/2022\/12\/foto2-1.jpeg 1060w\" sizes=\"auto, (max-width: 575px) 100vw, 575px\" \/><\/a> <a href=\"https:\/\/www.giurgiuveanul.ro\/stiri\/wp-content\/uploads\/2022\/12\/foto3.jpeg\"><img loading=\"lazy\" decoding=\"async\" class=\"aligncenter  wp-image-94204\" src=\"https:\/\/www.giurgiuveanul.ro\/stiri\/wp-content\/uploads\/2022\/12\/foto3-551x450.jpeg\" alt=\"\" width=\"574\" height=\"469\" srcset=\"https:\/\/www.giurgiuveanul.ro\/stiri\/wp-content\/uploads\/2022\/12\/foto3-551x450.jpeg 551w, https:\/\/www.giurgiuveanul.ro\/stiri\/wp-content\/uploads\/2022\/12\/foto3-250x204.jpeg 250w, https:\/\/www.giurgiuveanul.ro\/stiri\/wp-content\/uploads\/2022\/12\/foto3-768x628.jpeg 768w, https:\/\/www.giurgiuveanul.ro\/stiri\/wp-content\/uploads\/2022\/12\/foto3-400x327.jpeg 400w, https:\/\/www.giurgiuveanul.ro\/stiri\/wp-content\/uploads\/2022\/12\/foto3.jpeg 1194w\" sizes=\"auto, (max-width: 574px) 100vw, 574px\" \/><\/a><\/p>\n<p style=\"text-align: justify;\">Prin efortul comun, a fost colectat\u0103 o sum\u0103 de bani, poli\u0163i\u015ftii dorind s\u0103 aduc\u0103 un z\u00e2mbet pe fa\u0163a unei femei v\u0103duve, care \u00eesi cre\u0219te singur\u0103 cei doi copii \u0219i a unei familii nevoia\u0219e cu 3 copii, din localitatea Bolintin Vale.<\/p>\n<p><a href=\"https:\/\/www.giurgiuveanul.ro\/stiri\/wp-content\/uploads\/2022\/12\/foto4.jpeg\"><img loading=\"lazy\" decoding=\"async\" class=\"aligncenter  wp-image-94205\" src=\"https:\/\/www.giurgiuveanul.ro\/stiri\/wp-content\/uploads\/2022\/12\/foto4-560x445.jpeg\" alt=\"\" width=\"581\" height=\"462\" srcset=\"https:\/\/www.giurgiuveanul.ro\/stiri\/wp-content\/uploads\/2022\/12\/foto4-560x445.jpeg 560w, https:\/\/www.giurgiuveanul.ro\/stiri\/wp-content\/uploads\/2022\/12\/foto4-250x199.jpeg 250w, https:\/\/www.giurgiuveanul.ro\/stiri\/wp-content\/uploads\/2022\/12\/foto4-768x610.jpeg 768w, https:\/\/www.giurgiuveanul.ro\/stiri\/wp-content\/uploads\/2022\/12\/foto4-400x318.jpeg 400w, https:\/\/www.giurgiuveanul.ro\/stiri\/wp-content\/uploads\/2022\/12\/foto4.jpeg 1299w\" sizes=\"auto, (max-width: 581px) 100vw, 581px\" \/><\/a> <a href=\"https:\/\/www.giurgiuveanul.ro\/stiri\/wp-content\/uploads\/2022\/12\/foto5.jpeg\"><img loading=\"lazy\" decoding=\"async\" class=\"aligncenter  wp-image-94206\" src=\"https:\/\/www.giurgiuveanul.ro\/stiri\/wp-content\/uploads\/2022\/12\/foto5-560x394.jpeg\" alt=\"\" width=\"576\" height=\"405\" srcset=\"https:\/\/www.giurgiuveanul.ro\/stiri\/wp-content\/uploads\/2022\/12\/foto5-560x394.jpeg 560w, https:\/\/www.giurgiuveanul.ro\/stiri\/wp-content\/uploads\/2022\/12\/foto5-250x176.jpeg 250w, https:\/\/www.giurgiuveanul.ro\/stiri\/wp-content\/uploads\/2022\/12\/foto5-768x540.jpeg 768w, https:\/\/www.giurgiuveanul.ro\/stiri\/wp-content\/uploads\/2022\/12\/foto5-400x281.jpeg 400w, https:\/\/www.giurgiuveanul.ro\/stiri\/wp-content\/uploads\/2022\/12\/foto5.jpeg 1356w\" sizes=\"auto, (max-width: 576px) 100vw, 576px\" \/><\/a><\/p>\n<p style=\"text-align: justify;\">De asemenea, poli\u021bi\u0219tii s-au deplasat la locuin\u021ba unui t\u00e2n\u0103r, din localitatea Crivina, care a r\u0103mas paralizat, \u00een urma unui eveniment rutier.<\/p>\n<p style=\"text-align: justify;\">Prin aceste ac\u0163iuni, poli\u0163i\u015ftii din cadrul Poli\u021biei ora\u0219 Bolintin Vale au adus o sc\u00e2nteie de lumina \u00een via\u0163a acestora, contribuind la asigurarea unui minim necesar acelor care nu au parte numai de bucurii sau care sunt lipsi\u0163i, \u00een aceste zile, de dragostea \u015fi c\u0103ldura unei familii sau a celor dragi.<\/p>\n<p style=\"text-align: justify;\">Sunt gesturi venite din suflet \u0219i ac\u021biuni menite s\u0103 aline suferin\u021ba unor oameni cu care via\u021ba nu a fost at\u00e2t de darnic\u0103.<\/p>\n<p style=\"text-align: justify;\"><em>Noi, poli\u021bi\u0219tii, le mul\u021bumim pentru c\u0103 ne-au dat prilejul s\u0103 facem parte din aceast\u0103 poveste care este, \u00een esen\u021b\u0103, despre a d\u0103rui din suflet \u0219i cu sufletul din timpul, grija \u0219i iubirea fa\u021b\u0103 de cei de l\u00e2ng\u0103 noi.<\/em><\/p>\n","protected":false},"excerpt":{"rendered":"<p>Alimente \u015fi<\/p>\n","protected":false},"author":1,"featured_media":0,"comment_status":"open","ping_status":"open","sticky":false,"template":"","format":"standard","meta":{"footnotes":""},"categories":[6],"tags":[],"class_list":["post-94199","post","type-post","status-publish","format-standard","hentry","category-breaking-news"],"_links":{"self":[{"href":"https:\/\/www.giurgiuveanul.ro\/stiri\/wp-json\/wp\/v2\/posts\/94199","targetHints":{"allow":["GET"]}}],"collection":[{"href":"https:\/\/www.giurgiuveanul.ro\/stiri\/wp-json\/wp\/v2\/posts"}],"about":[{"href":"https:\/\/www.giurgiuveanul.ro\/stiri\/wp-json\/wp\/v2\/types\/post"}],"author":[{"embeddable":true,"href":"https:\/\/www.giurgiuveanul.ro\/stiri\/wp-json\/wp\/v2\/users\/1"}],"replies":[{"embeddable":true,"href":"https:\/\/www.giurgiuveanul.ro\/stiri\/wp-json\/wp\/v2\/comments?post=94199"}],"version-history":[{"count":0,"href":"https:\/\/www.giurgiuveanul.ro\/stiri\/wp-json\/wp\/v2\/posts\/94199\/revisions"}],"wp:attachment":[{"href":"https:\/\/www.giurgiuveanul.ro\/stiri\/wp-json\/wp\/v2\/media?parent=94199"}],"wp:term":[{"taxonomy":"category","embeddable":true,"href":"https:\/\/www.giurgiuveanul.ro\/stiri\/wp-json\/wp\/v2\/categories?post=94199"},{"taxonomy":"post_tag","embeddable":true,"href":"https:\/\/www.giurgiuveanul.ro\/stiri\/wp-json\/wp\/v2\/tags?post=94199"}],"curies":[{"name":"wp","href":"https:\/\/api.w.org\/{rel}","templated":true}]}}