{"id":94208,"date":"2022-12-21T18:24:17","date_gmt":"2022-12-21T16:24:17","guid":{"rendered":"https:\/\/www.giurgiuveanul.ro\/stiri\/?p=94208"},"modified":"2022-12-21T18:25:35","modified_gmt":"2022-12-21T16:25:35","slug":"barbat-urmarit-national-identificat-de-politistii-giurgiuveni","status":"publish","type":"post","link":"https:\/\/www.giurgiuveanul.ro\/stiri\/barbat-urmarit-national-identificat-de-politistii-giurgiuveni\/","title":{"rendered":"B\u0103rbat urm\u0103rit na\u021bional, identificat de poli\u021bi\u0219tii giurgiuveni"},"content":{"rendered":"<p style=\"text-align: justify;\"><strong><a href=\"https:\/\/www.giurgiuveanul.ro\/stiri\/wp-content\/uploads\/2022\/12\/Investigatii-Criminale.jpg\"><img loading=\"lazy\" decoding=\"async\" class=\"aligncenter wp-image-94209\" src=\"https:\/\/www.giurgiuveanul.ro\/stiri\/wp-content\/uploads\/2022\/12\/Investigatii-Criminale-560x316.jpg\" alt=\"\" width=\"582\" height=\"329\" srcset=\"https:\/\/www.giurgiuveanul.ro\/stiri\/wp-content\/uploads\/2022\/12\/Investigatii-Criminale-560x316.jpg 560w, https:\/\/www.giurgiuveanul.ro\/stiri\/wp-content\/uploads\/2022\/12\/Investigatii-Criminale-250x141.jpg 250w, https:\/\/www.giurgiuveanul.ro\/stiri\/wp-content\/uploads\/2022\/12\/Investigatii-Criminale-768x433.jpg 768w, https:\/\/www.giurgiuveanul.ro\/stiri\/wp-content\/uploads\/2022\/12\/Investigatii-Criminale-400x226.jpg 400w, https:\/\/www.giurgiuveanul.ro\/stiri\/wp-content\/uploads\/2022\/12\/Investigatii-Criminale.jpg 780w\" sizes=\"auto, (max-width: 582px) 100vw, 582px\" \/><\/a>Poli\u021bi\u0219ti din cadrul Serviciului de Investiga\u021bii Criminale,<!--more--> \u00eempreun\u0103 cu poli\u021bi\u0219tii din cadrul Poli\u021biei ora\u0219ului Bolintin Vale au organizat \u0219i executat, la data de 20 decembrie a.c., o ac\u021biune pe linia persoanelor urm\u0103rite \u00een localitatea Bolintin Vale, jude\u021bul Giurgiu<\/strong><\/p>\n<p style=\"text-align: justify;\">\u00cen urma activit\u0103\u021bilor desf\u0103\u0219urate, a fost depistat un b\u0103rbat, de 33 de ani, din localitatea Bolintin Vale, care figura ca urm\u0103rit na\u021bional.<\/p>\n<p style=\"text-align: justify;\">Pe numele acestuia, Judec\u0103toria Sectorului 1 Bucure\u0219ti a emis mandat de executare a pedepsei cu \u00eenchisoarea, fiind condamnat la o pedeaps\u0103 de 4 ani \u0219i 9 luni \u00eenchisoare, pentru s\u0103v\u00e2r\u0219irea mai multor infrac\u021biuni rutiere.<\/p>\n<p style=\"text-align: justify;\">Persoana depistat\u0103 a fost condus\u0103 la sediul Serviciului de Investiga\u021bii Criminale, unde i-a fost \u00eentocmit\u0103 documenta\u021bia necesar\u0103, ulterior fiind depus\u0103 \u00een Penitenciarul de Maxim\u0103 Siguran\u021b\u0103 Giurgiu.<\/p>\n","protected":false},"excerpt":{"rendered":"<p>Poli\u021bi\u0219ti din cadrul Serviciului de Investiga\u021bii Criminale,<\/p>\n","protected":false},"author":1,"featured_media":0,"comment_status":"open","ping_status":"open","sticky":false,"template":"","format":"standard","meta":{"footnotes":""},"categories":[6],"tags":[],"class_list":["post-94208","post","type-post","status-publish","format-standard","hentry","category-breaking-news"],"_links":{"self":[{"href":"https:\/\/www.giurgiuveanul.ro\/stiri\/wp-json\/wp\/v2\/posts\/94208","targetHints":{"allow":["GET"]}}],"collection":[{"href":"https:\/\/www.giurgiuveanul.ro\/stiri\/wp-json\/wp\/v2\/posts"}],"about":[{"href":"https:\/\/www.giurgiuveanul.ro\/stiri\/wp-json\/wp\/v2\/types\/post"}],"author":[{"embeddable":true,"href":"https:\/\/www.giurgiuveanul.ro\/stiri\/wp-json\/wp\/v2\/users\/1"}],"replies":[{"embeddable":true,"href":"https:\/\/www.giurgiuveanul.ro\/stiri\/wp-json\/wp\/v2\/comments?post=94208"}],"version-history":[{"count":0,"href":"https:\/\/www.giurgiuveanul.ro\/stiri\/wp-json\/wp\/v2\/posts\/94208\/revisions"}],"wp:attachment":[{"href":"https:\/\/www.giurgiuveanul.ro\/stiri\/wp-json\/wp\/v2\/media?parent=94208"}],"wp:term":[{"taxonomy":"category","embeddable":true,"href":"https:\/\/www.giurgiuveanul.ro\/stiri\/wp-json\/wp\/v2\/categories?post=94208"},{"taxonomy":"post_tag","embeddable":true,"href":"https:\/\/www.giurgiuveanul.ro\/stiri\/wp-json\/wp\/v2\/tags?post=94208"}],"curies":[{"name":"wp","href":"https:\/\/api.w.org\/{rel}","templated":true}]}}