{"id":94222,"date":"2022-12-23T14:14:05","date_gmt":"2022-12-23T12:14:05","guid":{"rendered":"https:\/\/www.giurgiuveanul.ro\/stiri\/?p=94222"},"modified":"2022-12-23T14:14:28","modified_gmt":"2022-12-23T12:14:28","slug":"scoaterea-serviciilor-conexe-de-kinetoterapie-din-contractul-cu-cnas-este-in-favoarea-pacientului-si-a-sistemului-medical","status":"publish","type":"post","link":"https:\/\/www.giurgiuveanul.ro\/stiri\/scoaterea-serviciilor-conexe-de-kinetoterapie-din-contractul-cu-cnas-este-in-favoarea-pacientului-si-a-sistemului-medical\/","title":{"rendered":"Scoaterea serviciilor conexe de kinetoterapie din contractul cu CNAS  este \u00een favoarea pacientului \u0219i a sistemului medical"},"content":{"rendered":"<p style=\"text-align: justify;\"><strong><a href=\"https:\/\/www.giurgiuveanul.ro\/stiri\/wp-content\/uploads\/2022\/12\/prof.-dr.-Mihai-Berteanu-presedinte-SRRM.jpg\"><img loading=\"lazy\" decoding=\"async\" class=\"aligncenter wp-image-94223\" src=\"https:\/\/www.giurgiuveanul.ro\/stiri\/wp-content\/uploads\/2022\/12\/prof.-dr.-Mihai-Berteanu-presedinte-SRRM-560x420.jpg\" alt=\"\" width=\"574\" height=\"431\" srcset=\"https:\/\/www.giurgiuveanul.ro\/stiri\/wp-content\/uploads\/2022\/12\/prof.-dr.-Mihai-Berteanu-presedinte-SRRM-560x420.jpg 560w, https:\/\/www.giurgiuveanul.ro\/stiri\/wp-content\/uploads\/2022\/12\/prof.-dr.-Mihai-Berteanu-presedinte-SRRM-250x188.jpg 250w, https:\/\/www.giurgiuveanul.ro\/stiri\/wp-content\/uploads\/2022\/12\/prof.-dr.-Mihai-Berteanu-presedinte-SRRM-768x576.jpg 768w, https:\/\/www.giurgiuveanul.ro\/stiri\/wp-content\/uploads\/2022\/12\/prof.-dr.-Mihai-Berteanu-presedinte-SRRM-400x300.jpg 400w, https:\/\/www.giurgiuveanul.ro\/stiri\/wp-content\/uploads\/2022\/12\/prof.-dr.-Mihai-Berteanu-presedinte-SRRM.jpg 1013w\" sizes=\"auto, (max-width: 574px) 100vw, 574px\" \/><\/a>Scoaterea serviciilor conexe de kinetoterapie din contractarea cu Casa Na\u021bional\u0103 de S\u0103n\u0103tate<!--more--> <u>nu<\/u> aduce o \u00eengr\u0103dire a accesului pacien\u021bilor la serviciile de s\u0103n\u0103tate. Aceast\u0103 m\u0103sur\u0103 va fi \u00een favoarea pacientului prin cre\u0219terea calit\u0103\u021bii \u0219i a complexit\u0103\u021bii actului medical, evitarea birocra\u021biei, evitarea risipei financiare \u0219i respectarea dreptului pacientului de a-\u0219i alege furnizorul.<\/strong><\/p>\n<p style=\"text-align: justify;\">\u00cen acest moment, nu exist\u0103 nicio reglementare privind efectuarea serviciului conex, deci nicio posibilitate de a verifica dac\u0103 acesta a fost \u00eentr-adev\u0103r efectuat, pentru c\u0103, de\u0219i reprezint\u0103 un serviciu medical, el nu este decontat \u00een urma valid\u0103rii \u0219i semn\u0103rii cu cardul de s\u0103n\u0103tate al pacientului, ceea ce poate duce la evaziune fiscal\u0103. De asemenea, nu exist\u0103 o evaluare obligatorie a unit\u0103\u021bilor de kinetoterapie care efectueaz\u0103 servicii conexe pentru diverse specialit\u0103\u021bi \u0219i care nu pot fi astfel declarate furnizori acredita\u021bi.<\/p>\n<p style=\"text-align: justify;\">Spre deosebire de serviciul conex, serviciile efectuate \u00een ambulator de medicul specialist de MFR, inclusiv \u0219edin\u021bele de kinetoterapie, sunt toate validate \u0219i semnate cu semn\u0103tura electronic\u0103 a medicului \u0219i cu cardul de s\u0103n\u0103tate al pacientului exact \u00een momentul \u00een care sunt efectuate.<\/p>\n<p style=\"text-align: justify;\"><em>\u201eFacem aceste preciz\u0103ri ca r\u0103spuns la numeroasele informa\u021bii eronate ap\u0103rute \u00een ultimele zile \u00een spa\u021biul public \u0219i sper\u0103m c\u0103 deciziile CNAS se vor baza pe opinia exper\u021bilor \u00een domeniu \u0219i nu pe p\u0103rerile exprimate \u00een media sau pe re\u021belele de socializare. St\u0103m oric\u00e2nd la dispozi\u021bie presei \u0219i deciden\u021bilor pentru l\u0103muriri suplimentare.\u201d<\/em> spune <strong>prof. univ. dr. Mihai Berteanu (foto)<\/strong>, pre\u0219edintele Societ\u0103\u021bii Rom\u00e2ne de Reabilitare Medical\u0103.<\/p>\n<p style=\"text-align: justify;\">Kinetoterapia, respectiv utilizarea exerci\u021biului fizic terapeutic \u00een scopul refacerii func\u021biilor pierdute din cauza bolilor, face parte din mijloacele terapeutice utilizate de specialitatea Medicin\u0103 Fizic\u0103 \u0219i de Reabilitare (MFR), al\u0103turi de o multitudine de alte aplica\u021bii de agen\u021bi fizici terapeutici. Aplicarea acestori agen\u021bi este un act medical, deci se face conform unei prescrip\u021bii medicale complexe, individualizate, \u00een func\u021bie de patologie \u0219i de afec\u021biunile asociate. Evaluarea clinic\u0103 \u0219i func\u021bional\u0103 a fiec\u0103rui pacient, precum \u0219i monitorizarea efectelor este esen\u021bial\u0103 pentru a atinge obiectivele terapeutice \u0219i a evita contraindica\u021biile \u0219i efectele adverse.<\/p>\n<p style=\"text-align: justify;\">Toate serviciile medicale amintite (evaluare clinic\u0103 \u0219i func\u021bional\u0103, prescrip\u021bia unui plan terapeutic individualizat, aplicarea acestui plan, monitorizarea efectelor, adaptarea \u0219i progresia interven\u021biilor terapeutice) sunt asigurate prin sistemul asigur\u0103rilor de s\u0103n\u0103tate din Rom\u00e2nia \u0219i sunt aplicate de o echip\u0103 multiprofesional\u0103, din care face parte kinetoterapeutul\/fizioterapeutul.<\/p>\n","protected":false},"excerpt":{"rendered":"<p>Scoaterea serviciilor conexe de kinetoterapie din contractarea cu Casa Na\u021bional\u0103 de S\u0103n\u0103tate<\/p>\n","protected":false},"author":1,"featured_media":0,"comment_status":"open","ping_status":"open","sticky":false,"template":"","format":"standard","meta":{"footnotes":""},"categories":[6],"tags":[],"class_list":["post-94222","post","type-post","status-publish","format-standard","hentry","category-breaking-news"],"_links":{"self":[{"href":"https:\/\/www.giurgiuveanul.ro\/stiri\/wp-json\/wp\/v2\/posts\/94222","targetHints":{"allow":["GET"]}}],"collection":[{"href":"https:\/\/www.giurgiuveanul.ro\/stiri\/wp-json\/wp\/v2\/posts"}],"about":[{"href":"https:\/\/www.giurgiuveanul.ro\/stiri\/wp-json\/wp\/v2\/types\/post"}],"author":[{"embeddable":true,"href":"https:\/\/www.giurgiuveanul.ro\/stiri\/wp-json\/wp\/v2\/users\/1"}],"replies":[{"embeddable":true,"href":"https:\/\/www.giurgiuveanul.ro\/stiri\/wp-json\/wp\/v2\/comments?post=94222"}],"version-history":[{"count":0,"href":"https:\/\/www.giurgiuveanul.ro\/stiri\/wp-json\/wp\/v2\/posts\/94222\/revisions"}],"wp:attachment":[{"href":"https:\/\/www.giurgiuveanul.ro\/stiri\/wp-json\/wp\/v2\/media?parent=94222"}],"wp:term":[{"taxonomy":"category","embeddable":true,"href":"https:\/\/www.giurgiuveanul.ro\/stiri\/wp-json\/wp\/v2\/categories?post=94222"},{"taxonomy":"post_tag","embeddable":true,"href":"https:\/\/www.giurgiuveanul.ro\/stiri\/wp-json\/wp\/v2\/tags?post=94222"}],"curies":[{"name":"wp","href":"https:\/\/api.w.org\/{rel}","templated":true}]}}