{"id":94227,"date":"2022-12-23T16:45:33","date_gmt":"2022-12-23T14:45:33","guid":{"rendered":"https:\/\/www.giurgiuveanul.ro\/stiri\/?p=94227"},"modified":"2022-12-23T16:52:48","modified_gmt":"2022-12-23T14:52:48","slug":"pieton-lovit-pe-trecere-in-municipiul-giurgiu","status":"publish","type":"post","link":"https:\/\/www.giurgiuveanul.ro\/stiri\/pieton-lovit-pe-trecere-in-municipiul-giurgiu\/","title":{"rendered":"Pieton lovit pe trecere, \u00een municipiul Giurgiu"},"content":{"rendered":"<p style=\"text-align: justify;\"><strong><a href=\"https:\/\/www.giurgiuveanul.ro\/stiri\/wp-content\/uploads\/2022\/12\/accident.jpg\"><img loading=\"lazy\" decoding=\"async\" class=\"aligncenter wp-image-94228\" src=\"https:\/\/www.giurgiuveanul.ro\/stiri\/wp-content\/uploads\/2022\/12\/accident-560x346.jpg\" alt=\"\" width=\"578\" height=\"357\" srcset=\"https:\/\/www.giurgiuveanul.ro\/stiri\/wp-content\/uploads\/2022\/12\/accident-560x346.jpg 560w, https:\/\/www.giurgiuveanul.ro\/stiri\/wp-content\/uploads\/2022\/12\/accident-250x155.jpg 250w, https:\/\/www.giurgiuveanul.ro\/stiri\/wp-content\/uploads\/2022\/12\/accident-768x475.jpg 768w, https:\/\/www.giurgiuveanul.ro\/stiri\/wp-content\/uploads\/2022\/12\/accident-1536x949.jpg 1536w, https:\/\/www.giurgiuveanul.ro\/stiri\/wp-content\/uploads\/2022\/12\/accident-400x247.jpg 400w, https:\/\/www.giurgiuveanul.ro\/stiri\/wp-content\/uploads\/2022\/12\/accident.jpg 2000w\" sizes=\"auto, (max-width: 578px) 100vw, 578px\" \/><\/a>Accidentul s-a produs pe trecerea de pietoni, de la Colegiul Na\u0163ional \u201eIon Maiorescu\u201d, unde<!--more--> un conduc\u0103tor auto a accidentat un b\u0103rbat care traversa strada. Poli\u021bi\u0219tii au deschis \u00een acest caz un dosar penal.<\/strong><\/p>\n<p style=\"text-align: justify;\">Potrivit purt\u0103torului de cuv\u00e2nt al IPJ Giurgiu, <strong>comisar de poli\u0163ie Ramona Stan,<\/strong> accidentul s-a produs \u00een momentul \u00een care t\u00e2n\u0103r, \u00een v\u00e2rst\u0103 de 20 de ani, a surprins \u0219i accident un b\u0103rbat, de 60 de ani, care traversa strada pe trecerea de pietoni.<\/p>\n<p style=\"text-align: justify;\">Victima a fost transportat\u0103 la spital pentru a i se acorda \u00eengrijiri medicale.<\/p>\n<p style=\"text-align: justify;\"><em>\u201eConduc\u0103torul auto a fost testat cu aparatul etilotest, rezultatul fiind negativ. Conform procedurii, poli\u021bi\u0219tii au \u00eentocmit un dosar penal pentru v\u0103t\u0103mare corporal\u0103 din culp\u0103\u201d,<\/em> a precizat purt\u0103torul de cuv\u00e2nt al IPJ Giurgiu, <strong>comisar de poli\u0163ie Ramona Stan<\/strong>.<\/p>\n","protected":false},"excerpt":{"rendered":"<p>Accidentul s-a produs pe trecerea de pietoni, de la Colegiul Na\u0163ional \u201eIon Maiorescu\u201d, unde<\/p>\n","protected":false},"author":1,"featured_media":0,"comment_status":"open","ping_status":"open","sticky":false,"template":"","format":"standard","meta":{"footnotes":""},"categories":[6],"tags":[],"class_list":["post-94227","post","type-post","status-publish","format-standard","hentry","category-breaking-news"],"_links":{"self":[{"href":"https:\/\/www.giurgiuveanul.ro\/stiri\/wp-json\/wp\/v2\/posts\/94227","targetHints":{"allow":["GET"]}}],"collection":[{"href":"https:\/\/www.giurgiuveanul.ro\/stiri\/wp-json\/wp\/v2\/posts"}],"about":[{"href":"https:\/\/www.giurgiuveanul.ro\/stiri\/wp-json\/wp\/v2\/types\/post"}],"author":[{"embeddable":true,"href":"https:\/\/www.giurgiuveanul.ro\/stiri\/wp-json\/wp\/v2\/users\/1"}],"replies":[{"embeddable":true,"href":"https:\/\/www.giurgiuveanul.ro\/stiri\/wp-json\/wp\/v2\/comments?post=94227"}],"version-history":[{"count":0,"href":"https:\/\/www.giurgiuveanul.ro\/stiri\/wp-json\/wp\/v2\/posts\/94227\/revisions"}],"wp:attachment":[{"href":"https:\/\/www.giurgiuveanul.ro\/stiri\/wp-json\/wp\/v2\/media?parent=94227"}],"wp:term":[{"taxonomy":"category","embeddable":true,"href":"https:\/\/www.giurgiuveanul.ro\/stiri\/wp-json\/wp\/v2\/categories?post=94227"},{"taxonomy":"post_tag","embeddable":true,"href":"https:\/\/www.giurgiuveanul.ro\/stiri\/wp-json\/wp\/v2\/tags?post=94227"}],"curies":[{"name":"wp","href":"https:\/\/api.w.org\/{rel}","templated":true}]}}