{"id":94235,"date":"2022-12-23T17:50:15","date_gmt":"2022-12-23T15:50:15","guid":{"rendered":"https:\/\/www.giurgiuveanul.ro\/stiri\/?p=94235"},"modified":"2022-12-23T17:51:37","modified_gmt":"2022-12-23T15:51:37","slug":"pmp-varasti-ajutor-pentru-familia-careia-i-a-ars-casa-in-incendiul-de-la-rasuceni-foto","status":"publish","type":"post","link":"https:\/\/www.giurgiuveanul.ro\/stiri\/pmp-varasti-ajutor-pentru-familia-careia-i-a-ars-casa-in-incendiul-de-la-rasuceni-foto\/","title":{"rendered":"PMP V\u0103r\u0103\u015fti: Ajutor pentru familia c\u0103reia i-a ars casa \u00een incendiul de la R\u0103suceni (FOTO)"},"content":{"rendered":"<p style=\"text-align: justify;\"><a href=\"https:\/\/www.giurgiuveanul.ro\/stiri\/wp-content\/uploads\/2022\/12\/1-1-1.jpg\"><img loading=\"lazy\" decoding=\"async\" class=\"aligncenter wp-image-94236\" src=\"https:\/\/www.giurgiuveanul.ro\/stiri\/wp-content\/uploads\/2022\/12\/1-1-1-526x450.jpg\" alt=\"\" width=\"577\" height=\"494\" srcset=\"https:\/\/www.giurgiuveanul.ro\/stiri\/wp-content\/uploads\/2022\/12\/1-1-1-526x450.jpg 526w, https:\/\/www.giurgiuveanul.ro\/stiri\/wp-content\/uploads\/2022\/12\/1-1-1-250x214.jpg 250w, https:\/\/www.giurgiuveanul.ro\/stiri\/wp-content\/uploads\/2022\/12\/1-1-1-768x657.jpg 768w, https:\/\/www.giurgiuveanul.ro\/stiri\/wp-content\/uploads\/2022\/12\/1-1-1-1536x1314.jpg 1536w, https:\/\/www.giurgiuveanul.ro\/stiri\/wp-content\/uploads\/2022\/12\/1-1-1-400x342.jpg 400w, https:\/\/www.giurgiuveanul.ro\/stiri\/wp-content\/uploads\/2022\/12\/1-1-1.jpg 2000w\" sizes=\"auto, (max-width: 577px) 100vw, 577px\" \/><\/a>Dana Com\u0103neanu, secretarul general al organiza\u0163iei<!--more--> jude\u0163ene de \u00a0femei a Partidului Mi\u015fcarea Popular\u0103 (PMP) \u015fi vicepre\u015fedintele PMP V\u0103r\u0103\u015fti, al\u0103turi de Mirela Marin, pre\u015fedintele organiza\u0163iei jude\u0163ene de femei \u015fi vicepre\u015fedinte organiza\u0163ia jude\u0163ean\u0103 a PMP, s-au mobilizat \u015fi au s\u0103rit \u00een sprijinul unei familii, din localitatea R\u0103suceni, a c\u0103rei cas\u0103 a fost mistuit\u0103 de un incendiu, \u00een Ajunul Cr\u0103ciunului.<\/p>\n<p><a href=\"https:\/\/www.giurgiuveanul.ro\/stiri\/wp-content\/uploads\/2022\/12\/1-4-1.jpg\"><img loading=\"lazy\" decoding=\"async\" class=\"aligncenter  wp-image-94239\" src=\"https:\/\/www.giurgiuveanul.ro\/stiri\/wp-content\/uploads\/2022\/12\/1-4-1-514x450.jpg\" alt=\"\" width=\"575\" height=\"503\" srcset=\"https:\/\/www.giurgiuveanul.ro\/stiri\/wp-content\/uploads\/2022\/12\/1-4-1-514x450.jpg 514w, https:\/\/www.giurgiuveanul.ro\/stiri\/wp-content\/uploads\/2022\/12\/1-4-1-250x219.jpg 250w, https:\/\/www.giurgiuveanul.ro\/stiri\/wp-content\/uploads\/2022\/12\/1-4-1-768x672.jpg 768w, https:\/\/www.giurgiuveanul.ro\/stiri\/wp-content\/uploads\/2022\/12\/1-4-1-1536x1344.jpg 1536w, https:\/\/www.giurgiuveanul.ro\/stiri\/wp-content\/uploads\/2022\/12\/1-4-1-400x350.jpg 400w, https:\/\/www.giurgiuveanul.ro\/stiri\/wp-content\/uploads\/2022\/12\/1-4-1.jpg 2000w\" sizes=\"auto, (max-width: 575px) 100vw, 575px\" \/><\/a> <a href=\"https:\/\/www.giurgiuveanul.ro\/stiri\/wp-content\/uploads\/2022\/12\/3-6.jpg\"><img loading=\"lazy\" decoding=\"async\" class=\"aligncenter  wp-image-94240\" src=\"https:\/\/www.giurgiuveanul.ro\/stiri\/wp-content\/uploads\/2022\/12\/3-6-560x305.jpg\" alt=\"\" width=\"571\" height=\"311\" srcset=\"https:\/\/www.giurgiuveanul.ro\/stiri\/wp-content\/uploads\/2022\/12\/3-6-560x305.jpg 560w, https:\/\/www.giurgiuveanul.ro\/stiri\/wp-content\/uploads\/2022\/12\/3-6-250x136.jpg 250w, https:\/\/www.giurgiuveanul.ro\/stiri\/wp-content\/uploads\/2022\/12\/3-6-768x419.jpg 768w, https:\/\/www.giurgiuveanul.ro\/stiri\/wp-content\/uploads\/2022\/12\/3-6-1536x838.jpg 1536w, https:\/\/www.giurgiuveanul.ro\/stiri\/wp-content\/uploads\/2022\/12\/3-6-400x218.jpg 400w, https:\/\/www.giurgiuveanul.ro\/stiri\/wp-content\/uploads\/2022\/12\/3-6.jpg 2000w\" sizes=\"auto, (max-width: 571px) 100vw, 571px\" \/><\/a> <a href=\"https:\/\/www.giurgiuveanul.ro\/stiri\/wp-content\/uploads\/2022\/12\/4-6.jpg\"><img loading=\"lazy\" decoding=\"async\" class=\"aligncenter  wp-image-94241\" src=\"https:\/\/www.giurgiuveanul.ro\/stiri\/wp-content\/uploads\/2022\/12\/4-6-430x450.jpg\" alt=\"\" width=\"564\" height=\"591\" srcset=\"https:\/\/www.giurgiuveanul.ro\/stiri\/wp-content\/uploads\/2022\/12\/4-6-430x450.jpg 430w, https:\/\/www.giurgiuveanul.ro\/stiri\/wp-content\/uploads\/2022\/12\/4-6-250x262.jpg 250w, https:\/\/www.giurgiuveanul.ro\/stiri\/wp-content\/uploads\/2022\/12\/4-6-768x805.jpg 768w, https:\/\/www.giurgiuveanul.ro\/stiri\/wp-content\/uploads\/2022\/12\/4-6-1466x1536.jpg 1466w, https:\/\/www.giurgiuveanul.ro\/stiri\/wp-content\/uploads\/2022\/12\/4-6-400x419.jpg 400w, https:\/\/www.giurgiuveanul.ro\/stiri\/wp-content\/uploads\/2022\/12\/4-6.jpg 1909w\" sizes=\"auto, (max-width: 564px) 100vw, 564px\" \/><\/a><\/p>\n<p style=\"text-align: justify;\">Astfel, au str\u00e2ns alimente de prim\u0103 necesitate (ulei, zah\u0103r, f\u0103in\u0103, orez, ap\u0103 \u015fi m\u00e2ncare), dar \u015fi \u00eembr\u0103c\u0103minte, perne, plapum\u0103, prosoape, covoare etc \u015fi le-au dus acestei n\u0103p\u0103stuite familii.<\/p>\n<p style=\"text-align: justify;\"><em><strong>Felicit\u0103ri!<\/strong><\/em><\/p>\n<p style=\"text-align: justify;\">Un gest absolut admirabil \u015fi facem un apel la cei care realizeaz\u0103 ce \u00eenseamn\u0103 c\u0103 treci prin a\u0219a ceva, \u00eendemn\u00e2nd persoanele care pot \u015fi vor s\u0103 ajute aceast\u0103 familie.<\/p>\n<p><a href=\"https:\/\/www.giurgiuveanul.ro\/stiri\/wp-content\/uploads\/2022\/12\/5-4.jpg\"><img loading=\"lazy\" decoding=\"async\" class=\"aligncenter  wp-image-94242\" src=\"https:\/\/www.giurgiuveanul.ro\/stiri\/wp-content\/uploads\/2022\/12\/5-4-560x416.jpg\" alt=\"\" width=\"571\" height=\"424\" srcset=\"https:\/\/www.giurgiuveanul.ro\/stiri\/wp-content\/uploads\/2022\/12\/5-4-560x416.jpg 560w, https:\/\/www.giurgiuveanul.ro\/stiri\/wp-content\/uploads\/2022\/12\/5-4-250x186.jpg 250w, https:\/\/www.giurgiuveanul.ro\/stiri\/wp-content\/uploads\/2022\/12\/5-4-768x571.jpg 768w, https:\/\/www.giurgiuveanul.ro\/stiri\/wp-content\/uploads\/2022\/12\/5-4-1536x1141.jpg 1536w, https:\/\/www.giurgiuveanul.ro\/stiri\/wp-content\/uploads\/2022\/12\/5-4-400x297.jpg 400w, https:\/\/www.giurgiuveanul.ro\/stiri\/wp-content\/uploads\/2022\/12\/5-4.jpg 2000w\" sizes=\"auto, (max-width: 571px) 100vw, 571px\" \/><\/a><\/p>\n","protected":false},"excerpt":{"rendered":"<p>Dana Com\u0103neanu, secretarul general al organiza\u0163iei<\/p>\n","protected":false},"author":1,"featured_media":0,"comment_status":"open","ping_status":"open","sticky":false,"template":"","format":"standard","meta":{"footnotes":""},"categories":[6],"tags":[],"class_list":["post-94235","post","type-post","status-publish","format-standard","hentry","category-breaking-news"],"_links":{"self":[{"href":"https:\/\/www.giurgiuveanul.ro\/stiri\/wp-json\/wp\/v2\/posts\/94235","targetHints":{"allow":["GET"]}}],"collection":[{"href":"https:\/\/www.giurgiuveanul.ro\/stiri\/wp-json\/wp\/v2\/posts"}],"about":[{"href":"https:\/\/www.giurgiuveanul.ro\/stiri\/wp-json\/wp\/v2\/types\/post"}],"author":[{"embeddable":true,"href":"https:\/\/www.giurgiuveanul.ro\/stiri\/wp-json\/wp\/v2\/users\/1"}],"replies":[{"embeddable":true,"href":"https:\/\/www.giurgiuveanul.ro\/stiri\/wp-json\/wp\/v2\/comments?post=94235"}],"version-history":[{"count":0,"href":"https:\/\/www.giurgiuveanul.ro\/stiri\/wp-json\/wp\/v2\/posts\/94235\/revisions"}],"wp:attachment":[{"href":"https:\/\/www.giurgiuveanul.ro\/stiri\/wp-json\/wp\/v2\/media?parent=94235"}],"wp:term":[{"taxonomy":"category","embeddable":true,"href":"https:\/\/www.giurgiuveanul.ro\/stiri\/wp-json\/wp\/v2\/categories?post=94235"},{"taxonomy":"post_tag","embeddable":true,"href":"https:\/\/www.giurgiuveanul.ro\/stiri\/wp-json\/wp\/v2\/tags?post=94235"}],"curies":[{"name":"wp","href":"https:\/\/api.w.org\/{rel}","templated":true}]}}