{"id":94253,"date":"2022-12-24T11:42:47","date_gmt":"2022-12-24T09:42:47","guid":{"rendered":"https:\/\/www.giurgiuveanul.ro\/stiri\/?p=94253"},"modified":"2022-12-24T11:44:24","modified_gmt":"2022-12-24T09:44:24","slug":"snppc-giurgiu-si-corpul-national-al-politistilor-giurgiu-au-fost-mesagerii-lui-mos-craciun-foto","status":"publish","type":"post","link":"https:\/\/www.giurgiuveanul.ro\/stiri\/snppc-giurgiu-si-corpul-national-al-politistilor-giurgiu-au-fost-mesagerii-lui-mos-craciun-foto\/","title":{"rendered":"SNPPC Giurgiu \u015fi Corpul Na\u0163ional al Poli\u0163i\u015ftilor Giurgiu au fost mesagerii lui Mo\u015f Cr\u0103ciun! (FOTO)"},"content":{"rendered":"<p style=\"text-align: justify;\"><strong><a href=\"https:\/\/www.giurgiuveanul.ro\/stiri\/wp-content\/uploads\/2022\/12\/1-7.jpg\"><img loading=\"lazy\" decoding=\"async\" class=\"aligncenter wp-image-94254\" src=\"https:\/\/www.giurgiuveanul.ro\/stiri\/wp-content\/uploads\/2022\/12\/1-7-560x312.jpg\" alt=\"\" width=\"582\" height=\"324\" srcset=\"https:\/\/www.giurgiuveanul.ro\/stiri\/wp-content\/uploads\/2022\/12\/1-7-560x312.jpg 560w, https:\/\/www.giurgiuveanul.ro\/stiri\/wp-content\/uploads\/2022\/12\/1-7-250x139.jpg 250w, https:\/\/www.giurgiuveanul.ro\/stiri\/wp-content\/uploads\/2022\/12\/1-7-768x428.jpg 768w, https:\/\/www.giurgiuveanul.ro\/stiri\/wp-content\/uploads\/2022\/12\/1-7-400x223.jpg 400w, https:\/\/www.giurgiuveanul.ro\/stiri\/wp-content\/uploads\/2022\/12\/1-7.jpg 1300w\" sizes=\"auto, (max-width: 582px) 100vw, 582px\" \/><\/a>Sindicatul National al Poli\u021bi\u0219tilor \u0219i Personalului Contractual\u00a0 Giurgiu \u00een colaborare cu Corpul Na\u021bional al Poli\u021bi\u0219tilor Giurgiu<!--more--> au avut misiunea de a \u00eemp\u0103r\u021bi cadouri copiilor poli\u021bi\u0219tilor din cadrul IPJ Giurgiu, care sunt membri ai celor dou\u0103 organiza\u021bii.<\/strong><\/p>\n<p style=\"text-align: justify;\">Darurile dulci au adus bucurie \u00een sufletele copiilor, r\u0103spl\u0103tindu-i pe poli\u021bi\u0219ti cu z\u00e2mbete.<\/p>\n<p style=\"text-align: justify;\">Atmosfera s\u0103rb\u0103torilor de iarn\u0103 s-a f\u0103cut sim\u0163it\u0103 \u00een salonul \u201eRayna Events\u201d, din Giurgiu, prin colindele interpretate de elevi ai Seminarului Teologic Giurgiu.<\/p>\n<p><a href=\"https:\/\/www.giurgiuveanul.ro\/stiri\/wp-content\/uploads\/2022\/12\/2-2.jpeg\"><img loading=\"lazy\" decoding=\"async\" class=\"aligncenter  wp-image-94257\" src=\"https:\/\/www.giurgiuveanul.ro\/stiri\/wp-content\/uploads\/2022\/12\/2-2-560x389.jpeg\" alt=\"\" width=\"580\" height=\"403\" srcset=\"https:\/\/www.giurgiuveanul.ro\/stiri\/wp-content\/uploads\/2022\/12\/2-2-560x389.jpeg 560w, https:\/\/www.giurgiuveanul.ro\/stiri\/wp-content\/uploads\/2022\/12\/2-2-250x174.jpeg 250w, https:\/\/www.giurgiuveanul.ro\/stiri\/wp-content\/uploads\/2022\/12\/2-2-768x533.jpeg 768w, https:\/\/www.giurgiuveanul.ro\/stiri\/wp-content\/uploads\/2022\/12\/2-2-1536x1067.jpeg 1536w, https:\/\/www.giurgiuveanul.ro\/stiri\/wp-content\/uploads\/2022\/12\/2-2-400x278.jpeg 400w, https:\/\/www.giurgiuveanul.ro\/stiri\/wp-content\/uploads\/2022\/12\/2-2.jpeg 1600w\" sizes=\"auto, (max-width: 580px) 100vw, 580px\" \/><\/a> <a href=\"https:\/\/www.giurgiuveanul.ro\/stiri\/wp-content\/uploads\/2022\/12\/3-2.jpeg\"><img loading=\"lazy\" decoding=\"async\" class=\"aligncenter  wp-image-94258\" src=\"https:\/\/www.giurgiuveanul.ro\/stiri\/wp-content\/uploads\/2022\/12\/3-2-560x315.jpeg\" alt=\"\" width=\"583\" height=\"328\" srcset=\"https:\/\/www.giurgiuveanul.ro\/stiri\/wp-content\/uploads\/2022\/12\/3-2-560x315.jpeg 560w, https:\/\/www.giurgiuveanul.ro\/stiri\/wp-content\/uploads\/2022\/12\/3-2-250x141.jpeg 250w, https:\/\/www.giurgiuveanul.ro\/stiri\/wp-content\/uploads\/2022\/12\/3-2-768x432.jpeg 768w, https:\/\/www.giurgiuveanul.ro\/stiri\/wp-content\/uploads\/2022\/12\/3-2-1536x864.jpeg 1536w, https:\/\/www.giurgiuveanul.ro\/stiri\/wp-content\/uploads\/2022\/12\/3-2-400x225.jpeg 400w, https:\/\/www.giurgiuveanul.ro\/stiri\/wp-content\/uploads\/2022\/12\/3-2.jpeg 1600w\" sizes=\"auto, (max-width: 583px) 100vw, 583px\" \/><\/a> <a href=\"https:\/\/www.giurgiuveanul.ro\/stiri\/wp-content\/uploads\/2022\/12\/4-2.jpeg\"><img loading=\"lazy\" decoding=\"async\" class=\"aligncenter  wp-image-94259\" src=\"https:\/\/www.giurgiuveanul.ro\/stiri\/wp-content\/uploads\/2022\/12\/4-2-500x450.jpeg\" alt=\"\" width=\"579\" height=\"521\" srcset=\"https:\/\/www.giurgiuveanul.ro\/stiri\/wp-content\/uploads\/2022\/12\/4-2-500x450.jpeg 500w, https:\/\/www.giurgiuveanul.ro\/stiri\/wp-content\/uploads\/2022\/12\/4-2-250x225.jpeg 250w, https:\/\/www.giurgiuveanul.ro\/stiri\/wp-content\/uploads\/2022\/12\/4-2-768x691.jpeg 768w, https:\/\/www.giurgiuveanul.ro\/stiri\/wp-content\/uploads\/2022\/12\/4-2-400x360.jpeg 400w, https:\/\/www.giurgiuveanul.ro\/stiri\/wp-content\/uploads\/2022\/12\/4-2.jpeg 1259w\" sizes=\"auto, (max-width: 579px) 100vw, 579px\" \/><\/a> <a href=\"https:\/\/www.giurgiuveanul.ro\/stiri\/wp-content\/uploads\/2022\/12\/5-2.jpeg\"><img loading=\"lazy\" decoding=\"async\" class=\"aligncenter  wp-image-94260\" src=\"https:\/\/www.giurgiuveanul.ro\/stiri\/wp-content\/uploads\/2022\/12\/5-2-308x450.jpeg\" alt=\"\" width=\"576\" height=\"842\" srcset=\"https:\/\/www.giurgiuveanul.ro\/stiri\/wp-content\/uploads\/2022\/12\/5-2-308x450.jpeg 308w, https:\/\/www.giurgiuveanul.ro\/stiri\/wp-content\/uploads\/2022\/12\/5-2-205x300.jpeg 205w, https:\/\/www.giurgiuveanul.ro\/stiri\/wp-content\/uploads\/2022\/12\/5-2-768x1123.jpeg 768w, https:\/\/www.giurgiuveanul.ro\/stiri\/wp-content\/uploads\/2022\/12\/5-2-1050x1536.jpeg 1050w, https:\/\/www.giurgiuveanul.ro\/stiri\/wp-content\/uploads\/2022\/12\/5-2-400x585.jpeg 400w, https:\/\/www.giurgiuveanul.ro\/stiri\/wp-content\/uploads\/2022\/12\/5-2.jpeg 1086w\" sizes=\"auto, (max-width: 576px) 100vw, 576px\" \/><\/a><\/p>\n<p style=\"text-align: justify;\">De la petrecerea organizat\u0103 nu a lipsit Mo\u0219 Cr\u0103ciun, care pentru a \u00eemp\u0103r\u021bi copiilor cumin\u021bi\u00a0 darurile, \u0219i-a adus ca ajutoare &#8211; spiridu\u0219i, z\u00e2ne, pe\u00a0 Mickey \u0219i Minnie.<\/p>\n<p style=\"text-align: justify;\">Petrecerea a fost una reu\u0219it\u0103 iar\u00a0 bucuria micu\u021bilor ne-a f\u0103cut ferici\u021bi, motiv pentru care promisiunea organizatorilor a fost c\u0103 \u0219i la anul,\u00a0 va fi organizat\u0103 o petrecere la fel de reu\u015fit\u0103!<\/p>\n<p><a href=\"https:\/\/www.giurgiuveanul.ro\/stiri\/wp-content\/uploads\/2022\/12\/6-3.jpg\"><img loading=\"lazy\" decoding=\"async\" class=\"aligncenter  wp-image-94262\" src=\"https:\/\/www.giurgiuveanul.ro\/stiri\/wp-content\/uploads\/2022\/12\/6-3-560x396.jpg\" alt=\"\" width=\"587\" height=\"415\" srcset=\"https:\/\/www.giurgiuveanul.ro\/stiri\/wp-content\/uploads\/2022\/12\/6-3-560x396.jpg 560w, https:\/\/www.giurgiuveanul.ro\/stiri\/wp-content\/uploads\/2022\/12\/6-3-250x177.jpg 250w, https:\/\/www.giurgiuveanul.ro\/stiri\/wp-content\/uploads\/2022\/12\/6-3-768x543.jpg 768w, https:\/\/www.giurgiuveanul.ro\/stiri\/wp-content\/uploads\/2022\/12\/6-3-400x283.jpg 400w, https:\/\/www.giurgiuveanul.ro\/stiri\/wp-content\/uploads\/2022\/12\/6-3.jpg 1200w\" sizes=\"auto, (max-width: 587px) 100vw, 587px\" \/><\/a><\/p>\n<p style=\"text-align: justify;\">SNPPC BT Giurgiu \u0219i CNP Giurgiu v\u0103 doresc S\u0103rb\u0103tori Fericite !<\/p>\n","protected":false},"excerpt":{"rendered":"<p>Sindicatul National al Poli\u021bi\u0219tilor \u0219i Personalului Contractual\u00a0 Giurgiu \u00een colaborare cu Corpul Na\u021bional al Poli\u021bi\u0219tilor Giurgiu<\/p>\n","protected":false},"author":1,"featured_media":0,"comment_status":"open","ping_status":"open","sticky":false,"template":"","format":"standard","meta":{"footnotes":""},"categories":[6],"tags":[],"class_list":["post-94253","post","type-post","status-publish","format-standard","hentry","category-breaking-news"],"_links":{"self":[{"href":"https:\/\/www.giurgiuveanul.ro\/stiri\/wp-json\/wp\/v2\/posts\/94253","targetHints":{"allow":["GET"]}}],"collection":[{"href":"https:\/\/www.giurgiuveanul.ro\/stiri\/wp-json\/wp\/v2\/posts"}],"about":[{"href":"https:\/\/www.giurgiuveanul.ro\/stiri\/wp-json\/wp\/v2\/types\/post"}],"author":[{"embeddable":true,"href":"https:\/\/www.giurgiuveanul.ro\/stiri\/wp-json\/wp\/v2\/users\/1"}],"replies":[{"embeddable":true,"href":"https:\/\/www.giurgiuveanul.ro\/stiri\/wp-json\/wp\/v2\/comments?post=94253"}],"version-history":[{"count":0,"href":"https:\/\/www.giurgiuveanul.ro\/stiri\/wp-json\/wp\/v2\/posts\/94253\/revisions"}],"wp:attachment":[{"href":"https:\/\/www.giurgiuveanul.ro\/stiri\/wp-json\/wp\/v2\/media?parent=94253"}],"wp:term":[{"taxonomy":"category","embeddable":true,"href":"https:\/\/www.giurgiuveanul.ro\/stiri\/wp-json\/wp\/v2\/categories?post=94253"},{"taxonomy":"post_tag","embeddable":true,"href":"https:\/\/www.giurgiuveanul.ro\/stiri\/wp-json\/wp\/v2\/tags?post=94253"}],"curies":[{"name":"wp","href":"https:\/\/api.w.org\/{rel}","templated":true}]}}