{"id":94264,"date":"2022-12-24T12:23:11","date_gmt":"2022-12-24T10:23:11","guid":{"rendered":"https:\/\/www.giurgiuveanul.ro\/stiri\/?p=94264"},"modified":"2022-12-24T12:23:27","modified_gmt":"2022-12-24T10:23:27","slug":"presedintele-pnl-giurgiu-europarlamentarul-dan-motreanu-romania-va-avea-la-dispozitie-415-miliarde-de-euro-pentru-sprijinirea-persoanelor-vulnerabile","status":"publish","type":"post","link":"https:\/\/www.giurgiuveanul.ro\/stiri\/presedintele-pnl-giurgiu-europarlamentarul-dan-motreanu-romania-va-avea-la-dispozitie-415-miliarde-de-euro-pentru-sprijinirea-persoanelor-vulnerabile\/","title":{"rendered":"Pre\u015fedintele PNL Giurgiu, europarlamentarul Dan Motreanu: Rom\u00e2nia va avea la dispozi\u021bie 4,15 miliarde de euro pentru sprijinirea persoanelor vulnerabile"},"content":{"rendered":"<p><strong><a href=\"https:\/\/www.giurgiuveanul.ro\/stiri\/wp-content\/uploads\/2021\/12\/Dan-Motreanu-foto-by-Vasile-Arcanu-520x450-1.jpg\"><img loading=\"lazy\" decoding=\"async\" class=\"aligncenter wp-image-85658\" src=\"https:\/\/www.giurgiuveanul.ro\/stiri\/wp-content\/uploads\/2021\/12\/Dan-Motreanu-foto-by-Vasile-Arcanu-520x450-1.jpg\" alt=\"\" width=\"581\" height=\"503\" srcset=\"https:\/\/www.giurgiuveanul.ro\/stiri\/wp-content\/uploads\/2021\/12\/Dan-Motreanu-foto-by-Vasile-Arcanu-520x450-1.jpg 520w, https:\/\/www.giurgiuveanul.ro\/stiri\/wp-content\/uploads\/2021\/12\/Dan-Motreanu-foto-by-Vasile-Arcanu-520x450-1-250x216.jpg 250w, https:\/\/www.giurgiuveanul.ro\/stiri\/wp-content\/uploads\/2021\/12\/Dan-Motreanu-foto-by-Vasile-Arcanu-520x450-1-400x346.jpg 400w\" sizes=\"auto, (max-width: 581px) 100vw, 581px\" \/><\/a>Rom\u00e2nia va avea la dispozi\u021bie 4,15 miliarde de euro pentru<!--more--> sprijinirea persoanelor vulnerabile.<\/strong><\/p>\n<p>Programul Incluziune \u0219i Demnitate Social\u0103 a fost aprobat de Comisia European\u0103.<\/p>\n<p>Programul are obiective concrete, menite s\u0103 schimbe \u00een bine via\u021ba rom\u00e2nilor care au nevoie de ajutor:<\/p>\n<p>\u2139 84.798 de copii vor duce o via\u021b\u0103 mai bun\u0103, prin programele de incluziune;<\/p>\n<p>\u2139 300.000 de pre\u0219colari \u0219i elevi vor beneficia de vouchere pentru rechizite \u0219i \u00eembr\u0103c\u0103minte;<\/p>\n<p>\u2139 1.185.888 de persoane vor beneficia de mese calde \u0219i vouchere\/pachete cu alimente;<\/p>\n<p>\u2139 415.378 de persoane vulnerabile vor avea acces \u00eembun\u0103t\u0103\u021bit la servicii de s\u0103n\u0103tate, sociale \u0219i educa\u021bionale;<\/p>\n<p>\u2139 38.582 de persoane vor ie\u0219i din situa\u021bia de excluziune locativ\u0103;<\/p>\n<p>\u2139 11.035 persoane v\u00e2rstnice a c\u0103ror situa\u021bie s a ameliorat;<\/p>\n<p>\u2139 9.089 persoane cu dizabilit\u0103\u021bi a c\u0103ror situa\u021bie s a ameliorat;<\/p>\n<p>\u2139 29.591 profesioni\u0219ti \u0219i speciali\u0219ti din serviciile sociale, \u00eengrijitori informali, care au ob\u021binut o calificare;<\/p>\n<p>\u2139 60.000 nou-n\u0103scu\u021bi beneficiari de vouchere pentru trusou;<\/p>\n<p>\u2139 infrastructur\u0103 nou\u0103 de locuin\u021be protejate pentru victimele violen\u021bei domestice \u0219i victimele traficului de persoane, pentru 430 persoane\/an.<\/p>\n","protected":false},"excerpt":{"rendered":"<p>Rom\u00e2nia va avea la dispozi\u021bie 4,15 miliarde de euro pentru<\/p>\n","protected":false},"author":1,"featured_media":0,"comment_status":"open","ping_status":"open","sticky":false,"template":"","format":"standard","meta":{"footnotes":""},"categories":[6],"tags":[],"class_list":["post-94264","post","type-post","status-publish","format-standard","hentry","category-breaking-news"],"_links":{"self":[{"href":"https:\/\/www.giurgiuveanul.ro\/stiri\/wp-json\/wp\/v2\/posts\/94264","targetHints":{"allow":["GET"]}}],"collection":[{"href":"https:\/\/www.giurgiuveanul.ro\/stiri\/wp-json\/wp\/v2\/posts"}],"about":[{"href":"https:\/\/www.giurgiuveanul.ro\/stiri\/wp-json\/wp\/v2\/types\/post"}],"author":[{"embeddable":true,"href":"https:\/\/www.giurgiuveanul.ro\/stiri\/wp-json\/wp\/v2\/users\/1"}],"replies":[{"embeddable":true,"href":"https:\/\/www.giurgiuveanul.ro\/stiri\/wp-json\/wp\/v2\/comments?post=94264"}],"version-history":[{"count":0,"href":"https:\/\/www.giurgiuveanul.ro\/stiri\/wp-json\/wp\/v2\/posts\/94264\/revisions"}],"wp:attachment":[{"href":"https:\/\/www.giurgiuveanul.ro\/stiri\/wp-json\/wp\/v2\/media?parent=94264"}],"wp:term":[{"taxonomy":"category","embeddable":true,"href":"https:\/\/www.giurgiuveanul.ro\/stiri\/wp-json\/wp\/v2\/categories?post=94264"},{"taxonomy":"post_tag","embeddable":true,"href":"https:\/\/www.giurgiuveanul.ro\/stiri\/wp-json\/wp\/v2\/tags?post=94264"}],"curies":[{"name":"wp","href":"https:\/\/api.w.org\/{rel}","templated":true}]}}