{"id":94267,"date":"2022-12-24T12:36:31","date_gmt":"2022-12-24T10:36:31","guid":{"rendered":"https:\/\/www.giurgiuveanul.ro\/stiri\/?p=94267"},"modified":"2022-12-24T12:36:57","modified_gmt":"2022-12-24T10:36:57","slug":"primaria-municipiului-giurgiu-programul-societatii-rosal-in-perioada-sarbatorilor","status":"publish","type":"post","link":"https:\/\/www.giurgiuveanul.ro\/stiri\/primaria-municipiului-giurgiu-programul-societatii-rosal-in-perioada-sarbatorilor\/","title":{"rendered":"Prim\u0103ria Municipiului Giurgiu: Programul societ\u0103\u0163ii ROSAL, \u00een perioada s\u0103rb\u0103torilor"},"content":{"rendered":"<p><strong><a href=\"https:\/\/www.giurgiuveanul.ro\/stiri\/wp-content\/uploads\/2022\/12\/cos-de-gunoi-960x485-1.jpg\"><img loading=\"lazy\" decoding=\"async\" class=\"aligncenter wp-image-94268\" src=\"https:\/\/www.giurgiuveanul.ro\/stiri\/wp-content\/uploads\/2022\/12\/cos-de-gunoi-960x485-1-560x283.jpg\" alt=\"\" width=\"586\" height=\"296\" srcset=\"https:\/\/www.giurgiuveanul.ro\/stiri\/wp-content\/uploads\/2022\/12\/cos-de-gunoi-960x485-1-560x283.jpg 560w, https:\/\/www.giurgiuveanul.ro\/stiri\/wp-content\/uploads\/2022\/12\/cos-de-gunoi-960x485-1-250x126.jpg 250w, https:\/\/www.giurgiuveanul.ro\/stiri\/wp-content\/uploads\/2022\/12\/cos-de-gunoi-960x485-1-768x388.jpg 768w, https:\/\/www.giurgiuveanul.ro\/stiri\/wp-content\/uploads\/2022\/12\/cos-de-gunoi-960x485-1-400x202.jpg 400w, https:\/\/www.giurgiuveanul.ro\/stiri\/wp-content\/uploads\/2022\/12\/cos-de-gunoi-960x485-1.jpg 960w\" sizes=\"auto, (max-width: 586px) 100vw, 586px\" \/><\/a>Programul societ\u0103\u0163ii ROSAL, \u00een perioada s\u0103rb\u0103torilor, va fi urm\u0103torul:<\/strong><!--more--><\/p>\n<p>\u27a1\ufe0f24.12.2022 &#8211; program normal;<\/p>\n<p>\u27a1\ufe0f25.12.2022 \u0219i 26.12.2022 &#8211; program de lucru numai \u00een zonele de blocuri, conform graficelor de colectare;<\/p>\n<p>\u27a1\ufe0f31.12.2022 &#8211; program normal;<\/p>\n<p>\u27a1\ufe0f01.01.2023 \u0219i 02.01.2023 &#8211; program de lucru numai \u00een zonele de blocuri, conform graficelor de colectare;<\/p>\n","protected":false},"excerpt":{"rendered":"<p>Programul societ\u0103\u0163ii ROSAL, \u00een perioada s\u0103rb\u0103torilor, va fi urm\u0103torul:<\/p>\n","protected":false},"author":1,"featured_media":0,"comment_status":"open","ping_status":"open","sticky":false,"template":"","format":"standard","meta":{"footnotes":""},"categories":[6],"tags":[],"class_list":["post-94267","post","type-post","status-publish","format-standard","hentry","category-breaking-news"],"_links":{"self":[{"href":"https:\/\/www.giurgiuveanul.ro\/stiri\/wp-json\/wp\/v2\/posts\/94267","targetHints":{"allow":["GET"]}}],"collection":[{"href":"https:\/\/www.giurgiuveanul.ro\/stiri\/wp-json\/wp\/v2\/posts"}],"about":[{"href":"https:\/\/www.giurgiuveanul.ro\/stiri\/wp-json\/wp\/v2\/types\/post"}],"author":[{"embeddable":true,"href":"https:\/\/www.giurgiuveanul.ro\/stiri\/wp-json\/wp\/v2\/users\/1"}],"replies":[{"embeddable":true,"href":"https:\/\/www.giurgiuveanul.ro\/stiri\/wp-json\/wp\/v2\/comments?post=94267"}],"version-history":[{"count":0,"href":"https:\/\/www.giurgiuveanul.ro\/stiri\/wp-json\/wp\/v2\/posts\/94267\/revisions"}],"wp:attachment":[{"href":"https:\/\/www.giurgiuveanul.ro\/stiri\/wp-json\/wp\/v2\/media?parent=94267"}],"wp:term":[{"taxonomy":"category","embeddable":true,"href":"https:\/\/www.giurgiuveanul.ro\/stiri\/wp-json\/wp\/v2\/categories?post=94267"},{"taxonomy":"post_tag","embeddable":true,"href":"https:\/\/www.giurgiuveanul.ro\/stiri\/wp-json\/wp\/v2\/tags?post=94267"}],"curies":[{"name":"wp","href":"https:\/\/api.w.org\/{rel}","templated":true}]}}