{"id":94302,"date":"2022-12-25T11:42:14","date_gmt":"2022-12-25T09:42:14","guid":{"rendered":"https:\/\/www.giurgiuveanul.ro\/stiri\/?p=94302"},"modified":"2022-12-25T11:51:03","modified_gmt":"2022-12-25T09:51:03","slug":"accident-rutier-soldat-cu-trei-victime-la-oncesti-in-aceasta-dimineata-foto","status":"publish","type":"post","link":"https:\/\/www.giurgiuveanul.ro\/stiri\/accident-rutier-soldat-cu-trei-victime-la-oncesti-in-aceasta-dimineata-foto\/","title":{"rendered":"ACCIDENT RUTIER soldat cu trei victime, la Once\u015fti, \u00een aceast\u0103 diminea\u0163\u0103 (FOTO)"},"content":{"rendered":"<p style=\"text-align: justify;\"><strong><a href=\"https:\/\/www.giurgiuveanul.ro\/stiri\/wp-content\/uploads\/2022\/12\/WhatsApp-Image-2022-12-25-at-09.27.47.jpeg\"><img loading=\"lazy\" decoding=\"async\" class=\"aligncenter wp-image-94303\" src=\"https:\/\/www.giurgiuveanul.ro\/stiri\/wp-content\/uploads\/2022\/12\/WhatsApp-Image-2022-12-25-at-09.27.47-548x450.jpeg\" alt=\"\" width=\"580\" height=\"476\" srcset=\"https:\/\/www.giurgiuveanul.ro\/stiri\/wp-content\/uploads\/2022\/12\/WhatsApp-Image-2022-12-25-at-09.27.47-548x450.jpeg 548w, https:\/\/www.giurgiuveanul.ro\/stiri\/wp-content\/uploads\/2022\/12\/WhatsApp-Image-2022-12-25-at-09.27.47-250x205.jpeg 250w, https:\/\/www.giurgiuveanul.ro\/stiri\/wp-content\/uploads\/2022\/12\/WhatsApp-Image-2022-12-25-at-09.27.47-768x631.jpeg 768w, https:\/\/www.giurgiuveanul.ro\/stiri\/wp-content\/uploads\/2022\/12\/WhatsApp-Image-2022-12-25-at-09.27.47-400x329.jpeg 400w, https:\/\/www.giurgiuveanul.ro\/stiri\/wp-content\/uploads\/2022\/12\/WhatsApp-Image-2022-12-25-at-09.27.47.jpeg 1307w\" sizes=\"auto, (max-width: 580px) 100vw, 580px\" \/><\/a>Trei persoane au fost transportate la spital \u00een<!--more--> urma unui accident rutier ce s-a produs, \u00een aceast\u0103 diminea\u021b\u0103, pe DJ 503A, \u00een zona localit\u0103\u021bii Once\u0219ti, informeaz\u0103 ISU Giurgiu.<\/strong><\/p>\n<p style=\"text-align: justify;\">\u00cen eveniment a fost implicat un singur autoturism, \u00een care se aflau patru persoane. Acesta a fost g\u0103sit r\u0103sturnat \u00een afara p\u0103r\u021bii carosabile.<\/p>\n<p style=\"text-align: justify;\">La caz s-au deplasat pompierii din cadrul Deta\u0219amentului Giurgiu, cu o descarcerare, o autospecial\u0103 de stingere, un echipaj SMURD \u0219i trei ambulan\u021be SAJ.<\/p>\n<p><a href=\"https:\/\/www.giurgiuveanul.ro\/stiri\/wp-content\/uploads\/2022\/12\/WhatsApp-Image-2022-12-25-at-09.27.47-1.jpeg\"><img loading=\"lazy\" decoding=\"async\" class=\"aligncenter  wp-image-94307\" src=\"https:\/\/www.giurgiuveanul.ro\/stiri\/wp-content\/uploads\/2022\/12\/WhatsApp-Image-2022-12-25-at-09.27.47-1-560x436.jpeg\" alt=\"\" width=\"579\" height=\"451\" srcset=\"https:\/\/www.giurgiuveanul.ro\/stiri\/wp-content\/uploads\/2022\/12\/WhatsApp-Image-2022-12-25-at-09.27.47-1-560x436.jpeg 560w, https:\/\/www.giurgiuveanul.ro\/stiri\/wp-content\/uploads\/2022\/12\/WhatsApp-Image-2022-12-25-at-09.27.47-1-250x194.jpeg 250w, https:\/\/www.giurgiuveanul.ro\/stiri\/wp-content\/uploads\/2022\/12\/WhatsApp-Image-2022-12-25-at-09.27.47-1-768x597.jpeg 768w, https:\/\/www.giurgiuveanul.ro\/stiri\/wp-content\/uploads\/2022\/12\/WhatsApp-Image-2022-12-25-at-09.27.47-1-400x311.jpeg 400w, https:\/\/www.giurgiuveanul.ro\/stiri\/wp-content\/uploads\/2022\/12\/WhatsApp-Image-2022-12-25-at-09.27.47-1.jpeg 1219w\" sizes=\"auto, (max-width: 579px) 100vw, 579px\" \/><\/a><\/p>\n<p style=\"text-align: justify;\">Doi b\u0103rba\u021bi \u00een v\u00e2rst\u0103 de 46 \u0219i 51 de ani \u0219i o femeie de 47 de ani au avut nevoie de \u00eengrijiri medicale. Toate persoanele erau con\u0219tiente, fiind preluate de ambulan\u021be \u0219i transportate la spital.<\/p>\n<p style=\"text-align: justify;\">Paramedicii au acordat primul ajutor unui b\u0103rbat, \u00een v\u00e2rst\u0103 de 44 de ani, la locul evenimentului.<\/p>\n<p style=\"text-align: justify;\">Pompierii au asigurat m\u0103surile de prevenire a incendiilor prin deconectarea bornelor de la bateria autoturismului.<\/p>\n<p style=\"text-align: justify;\">Cazul a r\u0103mas \u00een aten\u021bia Poli\u021biei pentru cercet\u0103ri.<\/p>\n","protected":false},"excerpt":{"rendered":"<p>Trei persoane au fost transportate la spital \u00een<\/p>\n","protected":false},"author":1,"featured_media":0,"comment_status":"open","ping_status":"open","sticky":false,"template":"","format":"standard","meta":{"footnotes":""},"categories":[6],"tags":[],"class_list":["post-94302","post","type-post","status-publish","format-standard","hentry","category-breaking-news"],"_links":{"self":[{"href":"https:\/\/www.giurgiuveanul.ro\/stiri\/wp-json\/wp\/v2\/posts\/94302","targetHints":{"allow":["GET"]}}],"collection":[{"href":"https:\/\/www.giurgiuveanul.ro\/stiri\/wp-json\/wp\/v2\/posts"}],"about":[{"href":"https:\/\/www.giurgiuveanul.ro\/stiri\/wp-json\/wp\/v2\/types\/post"}],"author":[{"embeddable":true,"href":"https:\/\/www.giurgiuveanul.ro\/stiri\/wp-json\/wp\/v2\/users\/1"}],"replies":[{"embeddable":true,"href":"https:\/\/www.giurgiuveanul.ro\/stiri\/wp-json\/wp\/v2\/comments?post=94302"}],"version-history":[{"count":0,"href":"https:\/\/www.giurgiuveanul.ro\/stiri\/wp-json\/wp\/v2\/posts\/94302\/revisions"}],"wp:attachment":[{"href":"https:\/\/www.giurgiuveanul.ro\/stiri\/wp-json\/wp\/v2\/media?parent=94302"}],"wp:term":[{"taxonomy":"category","embeddable":true,"href":"https:\/\/www.giurgiuveanul.ro\/stiri\/wp-json\/wp\/v2\/categories?post=94302"},{"taxonomy":"post_tag","embeddable":true,"href":"https:\/\/www.giurgiuveanul.ro\/stiri\/wp-json\/wp\/v2\/tags?post=94302"}],"curies":[{"name":"wp","href":"https:\/\/api.w.org\/{rel}","templated":true}]}}