{"id":94315,"date":"2022-12-25T12:34:27","date_gmt":"2022-12-25T10:34:27","guid":{"rendered":"https:\/\/www.giurgiuveanul.ro\/stiri\/?p=94315"},"modified":"2022-12-25T12:35:39","modified_gmt":"2022-12-25T10:35:39","slug":"prefectul-judetului-giurgiu-florentina-stanculescu-mesaj-de-craciun","status":"publish","type":"post","link":"https:\/\/www.giurgiuveanul.ro\/stiri\/prefectul-judetului-giurgiu-florentina-stanculescu-mesaj-de-craciun\/","title":{"rendered":"Prefectul Jude\u0163ului Giurgiu, Florentina St\u0103nculescu, MESAJ DE CR\u0102CIUN!"},"content":{"rendered":"<p style=\"text-align: justify;\"><a href=\"https:\/\/www.giurgiuveanul.ro\/stiri\/wp-content\/uploads\/2022\/12\/1504262_204820353051338_1118729561_o-Copie.jpg\"><img loading=\"lazy\" decoding=\"async\" class=\"aligncenter wp-image-94316\" src=\"https:\/\/www.giurgiuveanul.ro\/stiri\/wp-content\/uploads\/2022\/12\/1504262_204820353051338_1118729561_o-Copie-509x450.jpg\" alt=\"\" width=\"581\" height=\"514\" srcset=\"https:\/\/www.giurgiuveanul.ro\/stiri\/wp-content\/uploads\/2022\/12\/1504262_204820353051338_1118729561_o-Copie-509x450.jpg 509w, https:\/\/www.giurgiuveanul.ro\/stiri\/wp-content\/uploads\/2022\/12\/1504262_204820353051338_1118729561_o-Copie-250x221.jpg 250w, https:\/\/www.giurgiuveanul.ro\/stiri\/wp-content\/uploads\/2022\/12\/1504262_204820353051338_1118729561_o-Copie-768x679.jpg 768w, https:\/\/www.giurgiuveanul.ro\/stiri\/wp-content\/uploads\/2022\/12\/1504262_204820353051338_1118729561_o-Copie-400x354.jpg 400w, https:\/\/www.giurgiuveanul.ro\/stiri\/wp-content\/uploads\/2022\/12\/1504262_204820353051338_1118729561_o-Copie.jpg 1300w\" sizes=\"auto, (max-width: 581px) 100vw, 581px\" \/><\/a>S\u0103rb\u0103toarea Na\u0219terii Domnului<!--more--> reprezint\u0103 prilej de bucurie \u0219i de tr\u0103ire spiritual\u0103 pentru fiecare din noi, un moment \u00een care, mai mult ca oric\u00e2nd, credin\u021ba face orice posibil, speran\u021ba ne d\u0103 putere s\u0103 continu\u0103m, iar dragostea \u00eenfrumuse\u021beaz\u0103 tot ce ne \u00eenconjoar\u0103.<\/p>\n<p style=\"text-align: justify;\">V\u0103 urez s\u0103 petrece\u021bi s\u0103rb\u0103toarea Na\u0219terii Domnului \u00een tihn\u0103, al\u0103turi de cei dragi, iar s\u0103n\u0103tatea, optimismul \u0219i iubirea s\u0103 v\u0103 \u00eenso\u021beasc\u0103 necontenit!<\/p>\n<p style=\"text-align: justify;\">Cr\u0103ciun binecuv\u00e2ntat tuturor!<\/p>\n<p style=\"text-align: center;\">Prefect,<\/p>\n<p style=\"text-align: center;\"><strong>Florentina St\u0103nculescu<\/strong><\/p>\n","protected":false},"excerpt":{"rendered":"<p>S\u0103rb\u0103toarea Na\u0219terii Domnului<\/p>\n","protected":false},"author":1,"featured_media":0,"comment_status":"open","ping_status":"open","sticky":false,"template":"","format":"standard","meta":{"footnotes":""},"categories":[6],"tags":[],"class_list":["post-94315","post","type-post","status-publish","format-standard","hentry","category-breaking-news"],"_links":{"self":[{"href":"https:\/\/www.giurgiuveanul.ro\/stiri\/wp-json\/wp\/v2\/posts\/94315","targetHints":{"allow":["GET"]}}],"collection":[{"href":"https:\/\/www.giurgiuveanul.ro\/stiri\/wp-json\/wp\/v2\/posts"}],"about":[{"href":"https:\/\/www.giurgiuveanul.ro\/stiri\/wp-json\/wp\/v2\/types\/post"}],"author":[{"embeddable":true,"href":"https:\/\/www.giurgiuveanul.ro\/stiri\/wp-json\/wp\/v2\/users\/1"}],"replies":[{"embeddable":true,"href":"https:\/\/www.giurgiuveanul.ro\/stiri\/wp-json\/wp\/v2\/comments?post=94315"}],"version-history":[{"count":0,"href":"https:\/\/www.giurgiuveanul.ro\/stiri\/wp-json\/wp\/v2\/posts\/94315\/revisions"}],"wp:attachment":[{"href":"https:\/\/www.giurgiuveanul.ro\/stiri\/wp-json\/wp\/v2\/media?parent=94315"}],"wp:term":[{"taxonomy":"category","embeddable":true,"href":"https:\/\/www.giurgiuveanul.ro\/stiri\/wp-json\/wp\/v2\/categories?post=94315"},{"taxonomy":"post_tag","embeddable":true,"href":"https:\/\/www.giurgiuveanul.ro\/stiri\/wp-json\/wp\/v2\/tags?post=94315"}],"curies":[{"name":"wp","href":"https:\/\/api.w.org\/{rel}","templated":true}]}}