{"id":94329,"date":"2022-12-25T12:54:50","date_gmt":"2022-12-25T10:54:50","guid":{"rendered":"https:\/\/www.giurgiuveanul.ro\/stiri\/?p=94329"},"modified":"2022-12-25T12:58:17","modified_gmt":"2022-12-25T10:58:17","slug":"senatorul-toma-petcu-mesaj-de-craciun","status":"publish","type":"post","link":"https:\/\/www.giurgiuveanul.ro\/stiri\/senatorul-toma-petcu-mesaj-de-craciun\/","title":{"rendered":"Senatorul Toma Petcu, MESAJ DE CR\u0102CIUN!"},"content":{"rendered":"<p style=\"text-align: justify;\"><a href=\"https:\/\/www.giurgiuveanul.ro\/stiri\/wp-content\/uploads\/2022\/12\/46501510_769211626744161_760845579516379136_n.jpg\"><img loading=\"lazy\" decoding=\"async\" class=\"aligncenter wp-image-94330\" src=\"https:\/\/www.giurgiuveanul.ro\/stiri\/wp-content\/uploads\/2022\/12\/46501510_769211626744161_760845579516379136_n-560x447.jpg\" alt=\"\" width=\"574\" height=\"458\" srcset=\"https:\/\/www.giurgiuveanul.ro\/stiri\/wp-content\/uploads\/2022\/12\/46501510_769211626744161_760845579516379136_n-560x447.jpg 560w, https:\/\/www.giurgiuveanul.ro\/stiri\/wp-content\/uploads\/2022\/12\/46501510_769211626744161_760845579516379136_n-250x199.jpg 250w, https:\/\/www.giurgiuveanul.ro\/stiri\/wp-content\/uploads\/2022\/12\/46501510_769211626744161_760845579516379136_n-768x613.jpg 768w, https:\/\/www.giurgiuveanul.ro\/stiri\/wp-content\/uploads\/2022\/12\/46501510_769211626744161_760845579516379136_n-400x319.jpg 400w, https:\/\/www.giurgiuveanul.ro\/stiri\/wp-content\/uploads\/2022\/12\/46501510_769211626744161_760845579516379136_n.jpg 900w\" sizes=\"auto, (max-width: 574px) 100vw, 574px\" \/><\/a>V\u0103 doresc tuturor<!--more--> S\u0103rb\u0103tori de Iarn\u0103 binecuv\u00e2ntate, s\u0103 primi\u021bi cadourile mult-visate, masa s\u0103 v\u0103 fie \u00eembel\u0219ugat\u0103, iar sufletul \u00eenc\u0103rcat cu bucurie!<\/p>\n<p style=\"text-align: justify;\">S\u0103rb\u0103toarea Cr\u0103ciunului s\u0103 v\u0103 umple sufletul de c\u0103ldur\u0103 \u0219i lumin\u0103, iar Anul Nou s\u0103 v\u0103 aduc\u0103 mult\u0103 s\u0103n\u0103tate \u015fi succese!<\/p>\n<p style=\"text-align: justify;\">S\u0103 privim \u00eenainte cu \u00eencredere, \u0219tiind c\u0103 dac\u0103 exist\u0103 speran\u0163\u0103, drumul din fa\u021ba noastr\u0103 va fi pres\u0103rat cu fericire \u015fi cu \u00eempliniri.<\/p>\n<p>Cr\u0103ciun Fericit!<\/p>\n<p style=\"text-align: center;\">Toma Petcu,<\/p>\n<p style=\"text-align: center;\"><strong>Senator PNL de Giurgiu<\/strong><\/p>\n","protected":false},"excerpt":{"rendered":"<p>V\u0103 doresc tuturor<\/p>\n","protected":false},"author":1,"featured_media":0,"comment_status":"open","ping_status":"open","sticky":false,"template":"","format":"standard","meta":{"footnotes":""},"categories":[6],"tags":[],"class_list":["post-94329","post","type-post","status-publish","format-standard","hentry","category-breaking-news"],"_links":{"self":[{"href":"https:\/\/www.giurgiuveanul.ro\/stiri\/wp-json\/wp\/v2\/posts\/94329","targetHints":{"allow":["GET"]}}],"collection":[{"href":"https:\/\/www.giurgiuveanul.ro\/stiri\/wp-json\/wp\/v2\/posts"}],"about":[{"href":"https:\/\/www.giurgiuveanul.ro\/stiri\/wp-json\/wp\/v2\/types\/post"}],"author":[{"embeddable":true,"href":"https:\/\/www.giurgiuveanul.ro\/stiri\/wp-json\/wp\/v2\/users\/1"}],"replies":[{"embeddable":true,"href":"https:\/\/www.giurgiuveanul.ro\/stiri\/wp-json\/wp\/v2\/comments?post=94329"}],"version-history":[{"count":0,"href":"https:\/\/www.giurgiuveanul.ro\/stiri\/wp-json\/wp\/v2\/posts\/94329\/revisions"}],"wp:attachment":[{"href":"https:\/\/www.giurgiuveanul.ro\/stiri\/wp-json\/wp\/v2\/media?parent=94329"}],"wp:term":[{"taxonomy":"category","embeddable":true,"href":"https:\/\/www.giurgiuveanul.ro\/stiri\/wp-json\/wp\/v2\/categories?post=94329"},{"taxonomy":"post_tag","embeddable":true,"href":"https:\/\/www.giurgiuveanul.ro\/stiri\/wp-json\/wp\/v2\/tags?post=94329"}],"curies":[{"name":"wp","href":"https:\/\/api.w.org\/{rel}","templated":true}]}}