{"id":94346,"date":"2022-12-25T13:10:40","date_gmt":"2022-12-25T11:10:40","guid":{"rendered":"https:\/\/www.giurgiuveanul.ro\/stiri\/?p=94346"},"modified":"2022-12-25T13:10:54","modified_gmt":"2022-12-25T11:10:54","slug":"deputatul-alexandru-andrei-mesaj-de-craciun","status":"publish","type":"post","link":"https:\/\/www.giurgiuveanul.ro\/stiri\/deputatul-alexandru-andrei-mesaj-de-craciun\/","title":{"rendered":"Deputatul Alexandru Andrei, MESAJ DE CR\u0102CIUN!"},"content":{"rendered":"<p style=\"text-align: justify;\"><a href=\"https:\/\/www.giurgiuveanul.ro\/stiri\/wp-content\/uploads\/2022\/12\/172154220_2522404204572022_5854620186446945455_n.jpg\"><img loading=\"lazy\" decoding=\"async\" class=\"aligncenter wp-image-94347\" src=\"https:\/\/www.giurgiuveanul.ro\/stiri\/wp-content\/uploads\/2022\/12\/172154220_2522404204572022_5854620186446945455_n-486x450.jpg\" alt=\"\" width=\"582\" height=\"539\" srcset=\"https:\/\/www.giurgiuveanul.ro\/stiri\/wp-content\/uploads\/2022\/12\/172154220_2522404204572022_5854620186446945455_n-486x450.jpg 486w, https:\/\/www.giurgiuveanul.ro\/stiri\/wp-content\/uploads\/2022\/12\/172154220_2522404204572022_5854620186446945455_n-250x232.jpg 250w, https:\/\/www.giurgiuveanul.ro\/stiri\/wp-content\/uploads\/2022\/12\/172154220_2522404204572022_5854620186446945455_n-768x711.jpg 768w, https:\/\/www.giurgiuveanul.ro\/stiri\/wp-content\/uploads\/2022\/12\/172154220_2522404204572022_5854620186446945455_n-400x370.jpg 400w, https:\/\/www.giurgiuveanul.ro\/stiri\/wp-content\/uploads\/2022\/12\/172154220_2522404204572022_5854620186446945455_n.jpg 1110w\" sizes=\"auto, (max-width: 582px) 100vw, 582px\" \/><\/a>Fie ca zilele magice de Cr\u0103ciun<!--more--> s\u0103 v\u0103 g\u0103seasc\u0103 la ceas de bucurie, al\u0103turi de cei dragi, iar casa s\u0103 v\u0103 fie plin\u0103 de armonie.<\/p>\n<p style=\"text-align: justify;\">V\u0103 doresc tot binele din lume, noroc \u00een toate \u015fi fericire \u00een suflet!<\/p>\n<p style=\"text-align: justify;\">Cr\u0103ciun Fericit!<\/p>\n<p>&nbsp;<\/p>\n<p style=\"text-align: center;\">Alexandru Andrei,<\/p>\n<p style=\"text-align: center;\"><strong>Deputat PNL de Giurgiu<\/strong><\/p>\n","protected":false},"excerpt":{"rendered":"<p>Fie ca zilele magice de Cr\u0103ciun<\/p>\n","protected":false},"author":1,"featured_media":0,"comment_status":"open","ping_status":"open","sticky":false,"template":"","format":"standard","meta":{"footnotes":""},"categories":[6],"tags":[],"class_list":["post-94346","post","type-post","status-publish","format-standard","hentry","category-breaking-news"],"_links":{"self":[{"href":"https:\/\/www.giurgiuveanul.ro\/stiri\/wp-json\/wp\/v2\/posts\/94346","targetHints":{"allow":["GET"]}}],"collection":[{"href":"https:\/\/www.giurgiuveanul.ro\/stiri\/wp-json\/wp\/v2\/posts"}],"about":[{"href":"https:\/\/www.giurgiuveanul.ro\/stiri\/wp-json\/wp\/v2\/types\/post"}],"author":[{"embeddable":true,"href":"https:\/\/www.giurgiuveanul.ro\/stiri\/wp-json\/wp\/v2\/users\/1"}],"replies":[{"embeddable":true,"href":"https:\/\/www.giurgiuveanul.ro\/stiri\/wp-json\/wp\/v2\/comments?post=94346"}],"version-history":[{"count":0,"href":"https:\/\/www.giurgiuveanul.ro\/stiri\/wp-json\/wp\/v2\/posts\/94346\/revisions"}],"wp:attachment":[{"href":"https:\/\/www.giurgiuveanul.ro\/stiri\/wp-json\/wp\/v2\/media?parent=94346"}],"wp:term":[{"taxonomy":"category","embeddable":true,"href":"https:\/\/www.giurgiuveanul.ro\/stiri\/wp-json\/wp\/v2\/categories?post=94346"},{"taxonomy":"post_tag","embeddable":true,"href":"https:\/\/www.giurgiuveanul.ro\/stiri\/wp-json\/wp\/v2\/tags?post=94346"}],"curies":[{"name":"wp","href":"https:\/\/api.w.org\/{rel}","templated":true}]}}