{"id":94357,"date":"2022-12-25T13:46:56","date_gmt":"2022-12-25T11:46:56","guid":{"rendered":"https:\/\/www.giurgiuveanul.ro\/stiri\/?p=94357"},"modified":"2022-12-25T13:49:33","modified_gmt":"2022-12-25T11:49:33","slug":"primarul-municipiului-giurgiu-adrian-anghelescu-mesaj-de-craciun","status":"publish","type":"post","link":"https:\/\/www.giurgiuveanul.ro\/stiri\/primarul-municipiului-giurgiu-adrian-anghelescu-mesaj-de-craciun\/","title":{"rendered":"Primarul Municipiului Giurgiu, Adrian Anghelescu, MESAJ DE CR\u0102CIUN!"},"content":{"rendered":"<p><a href=\"https:\/\/www.giurgiuveanul.ro\/stiri\/wp-content\/uploads\/2022\/12\/anghelescu.png\"><img loading=\"lazy\" decoding=\"async\" class=\"aligncenter wp-image-94360\" src=\"https:\/\/www.giurgiuveanul.ro\/stiri\/wp-content\/uploads\/2022\/12\/anghelescu-560x360.png\" alt=\"\" width=\"580\" height=\"373\" srcset=\"https:\/\/www.giurgiuveanul.ro\/stiri\/wp-content\/uploads\/2022\/12\/anghelescu-560x360.png 560w, https:\/\/www.giurgiuveanul.ro\/stiri\/wp-content\/uploads\/2022\/12\/anghelescu-250x161.png 250w, https:\/\/www.giurgiuveanul.ro\/stiri\/wp-content\/uploads\/2022\/12\/anghelescu-768x494.png 768w, https:\/\/www.giurgiuveanul.ro\/stiri\/wp-content\/uploads\/2022\/12\/anghelescu-400x257.png 400w, https:\/\/www.giurgiuveanul.ro\/stiri\/wp-content\/uploads\/2022\/12\/anghelescu.png 975w\" sizes=\"auto, (max-width: 580px) 100vw, 580px\" \/><\/a>Stima\u021bi giurgiuveni,<!--more--><\/p>\n<p>Sf\u00e2nta s\u0103rb\u0103toare a na\u0219terii M\u00e2ntuitorului nostru s\u0103 v\u0103 aduc\u0103 bun\u0103stare, fericire \u0219i lini\u0219te sufleteasc\u0103.<\/p>\n<p>Dumnezeu sa ne binecuv\u00e2nteze!<\/p>\n<p>S\u0103rb\u0103tori Fericite!<\/p>\n<p style=\"text-align: center;\">Adrian Anghelescu,<\/p>\n<p style=\"text-align: center;\"><strong>Primarul Municipiului Giurgiu<\/strong><\/p>\n","protected":false},"excerpt":{"rendered":"<p>Stima\u021bi giurgiuveni,<\/p>\n","protected":false},"author":1,"featured_media":0,"comment_status":"open","ping_status":"open","sticky":false,"template":"","format":"standard","meta":{"footnotes":""},"categories":[6],"tags":[],"class_list":["post-94357","post","type-post","status-publish","format-standard","hentry","category-breaking-news"],"_links":{"self":[{"href":"https:\/\/www.giurgiuveanul.ro\/stiri\/wp-json\/wp\/v2\/posts\/94357","targetHints":{"allow":["GET"]}}],"collection":[{"href":"https:\/\/www.giurgiuveanul.ro\/stiri\/wp-json\/wp\/v2\/posts"}],"about":[{"href":"https:\/\/www.giurgiuveanul.ro\/stiri\/wp-json\/wp\/v2\/types\/post"}],"author":[{"embeddable":true,"href":"https:\/\/www.giurgiuveanul.ro\/stiri\/wp-json\/wp\/v2\/users\/1"}],"replies":[{"embeddable":true,"href":"https:\/\/www.giurgiuveanul.ro\/stiri\/wp-json\/wp\/v2\/comments?post=94357"}],"version-history":[{"count":0,"href":"https:\/\/www.giurgiuveanul.ro\/stiri\/wp-json\/wp\/v2\/posts\/94357\/revisions"}],"wp:attachment":[{"href":"https:\/\/www.giurgiuveanul.ro\/stiri\/wp-json\/wp\/v2\/media?parent=94357"}],"wp:term":[{"taxonomy":"category","embeddable":true,"href":"https:\/\/www.giurgiuveanul.ro\/stiri\/wp-json\/wp\/v2\/categories?post=94357"},{"taxonomy":"post_tag","embeddable":true,"href":"https:\/\/www.giurgiuveanul.ro\/stiri\/wp-json\/wp\/v2\/tags?post=94357"}],"curies":[{"name":"wp","href":"https:\/\/api.w.org\/{rel}","templated":true}]}}