{"id":94364,"date":"2022-12-25T13:56:40","date_gmt":"2022-12-25T11:56:40","guid":{"rendered":"https:\/\/www.giurgiuveanul.ro\/stiri\/?p=94364"},"modified":"2022-12-25T13:56:55","modified_gmt":"2022-12-25T11:56:55","slug":"primarul-comunei-oinacu-fabian-tirca-mesaj-de-craciun","status":"publish","type":"post","link":"https:\/\/www.giurgiuveanul.ro\/stiri\/primarul-comunei-oinacu-fabian-tirca-mesaj-de-craciun\/","title":{"rendered":"Primarul comunei Oinacu, Fabian \u0162\u00eerc\u0103, MESAJ DE CR\u0102CIUN!"},"content":{"rendered":"<p style=\"text-align: justify;\"><a href=\"https:\/\/www.giurgiuveanul.ro\/stiri\/wp-content\/uploads\/2022\/12\/319183901_687227799786409_701698051703419427_n.jpg\"><img loading=\"lazy\" decoding=\"async\" class=\"aligncenter wp-image-94117\" src=\"https:\/\/www.giurgiuveanul.ro\/stiri\/wp-content\/uploads\/2022\/12\/319183901_687227799786409_701698051703419427_n-341x450.jpg\" alt=\"\" width=\"580\" height=\"766\" srcset=\"https:\/\/www.giurgiuveanul.ro\/stiri\/wp-content\/uploads\/2022\/12\/319183901_687227799786409_701698051703419427_n-341x450.jpg 341w, https:\/\/www.giurgiuveanul.ro\/stiri\/wp-content\/uploads\/2022\/12\/319183901_687227799786409_701698051703419427_n-228x300.jpg 228w, https:\/\/www.giurgiuveanul.ro\/stiri\/wp-content\/uploads\/2022\/12\/319183901_687227799786409_701698051703419427_n-768x1013.jpg 768w, https:\/\/www.giurgiuveanul.ro\/stiri\/wp-content\/uploads\/2022\/12\/319183901_687227799786409_701698051703419427_n-400x527.jpg 400w, https:\/\/www.giurgiuveanul.ro\/stiri\/wp-content\/uploads\/2022\/12\/319183901_687227799786409_701698051703419427_n.jpg 1080w\" sizes=\"auto, (max-width: 580px) 100vw, 580px\" \/><\/a>S\u0103rb\u0103toarea Na\u0219terii\u00a0 M\u00e2ntuitorului<!--more--> este momentul s\u0103 apreciem lucrurile bune din via\u021ba noastr\u0103, s\u0103 pre\u021buim fiecare moment tr\u0103it al\u0103turi de cei dragi.<\/p>\n<p style=\"text-align: justify;\">Fie ca aceste s\u0103rb\u0103tori de iarn\u0103 s\u0103 v\u0103 umple inima de dragoste \u0219i binecuv\u00e2ntare.<\/p>\n<p style=\"text-align: justify;\">Cr\u0103ciun Fericit!<\/p>\n<p style=\"text-align: center;\">Fabian \u0162\u00eerc\u0103,<\/p>\n<p style=\"text-align: center;\"><strong>Primarul comunei Oinacu<\/strong><\/p>\n","protected":false},"excerpt":{"rendered":"<p>S\u0103rb\u0103toarea Na\u0219terii\u00a0 M\u00e2ntuitorului<\/p>\n","protected":false},"author":1,"featured_media":0,"comment_status":"open","ping_status":"open","sticky":false,"template":"","format":"standard","meta":{"footnotes":""},"categories":[6],"tags":[],"class_list":["post-94364","post","type-post","status-publish","format-standard","hentry","category-breaking-news"],"_links":{"self":[{"href":"https:\/\/www.giurgiuveanul.ro\/stiri\/wp-json\/wp\/v2\/posts\/94364","targetHints":{"allow":["GET"]}}],"collection":[{"href":"https:\/\/www.giurgiuveanul.ro\/stiri\/wp-json\/wp\/v2\/posts"}],"about":[{"href":"https:\/\/www.giurgiuveanul.ro\/stiri\/wp-json\/wp\/v2\/types\/post"}],"author":[{"embeddable":true,"href":"https:\/\/www.giurgiuveanul.ro\/stiri\/wp-json\/wp\/v2\/users\/1"}],"replies":[{"embeddable":true,"href":"https:\/\/www.giurgiuveanul.ro\/stiri\/wp-json\/wp\/v2\/comments?post=94364"}],"version-history":[{"count":0,"href":"https:\/\/www.giurgiuveanul.ro\/stiri\/wp-json\/wp\/v2\/posts\/94364\/revisions"}],"wp:attachment":[{"href":"https:\/\/www.giurgiuveanul.ro\/stiri\/wp-json\/wp\/v2\/media?parent=94364"}],"wp:term":[{"taxonomy":"category","embeddable":true,"href":"https:\/\/www.giurgiuveanul.ro\/stiri\/wp-json\/wp\/v2\/categories?post=94364"},{"taxonomy":"post_tag","embeddable":true,"href":"https:\/\/www.giurgiuveanul.ro\/stiri\/wp-json\/wp\/v2\/tags?post=94364"}],"curies":[{"name":"wp","href":"https:\/\/api.w.org\/{rel}","templated":true}]}}