{"id":94367,"date":"2022-12-25T14:01:55","date_gmt":"2022-12-25T12:01:55","guid":{"rendered":"https:\/\/www.giurgiuveanul.ro\/stiri\/?p=94367"},"modified":"2022-12-25T14:01:55","modified_gmt":"2022-12-25T12:01:55","slug":"primarul-comunei-adunatii-copaceni-dan-rusu-mesaj-de-craciun","status":"publish","type":"post","link":"https:\/\/www.giurgiuveanul.ro\/stiri\/primarul-comunei-adunatii-copaceni-dan-rusu-mesaj-de-craciun\/","title":{"rendered":"Primarul comunei Aduna\u0163ii Cop\u0103ceni, Dan Rusu, MESAJ DE CR\u0102CIUN!"},"content":{"rendered":"<p><a href=\"https:\/\/www.giurgiuveanul.ro\/stiri\/wp-content\/uploads\/2022\/12\/81299234_571645676768685_7220544128629604352_n.jpg\"><img loading=\"lazy\" decoding=\"async\" class=\"aligncenter  wp-image-94368\" src=\"https:\/\/www.giurgiuveanul.ro\/stiri\/wp-content\/uploads\/2022\/12\/81299234_571645676768685_7220544128629604352_n-488x450.jpg\" alt=\"\" width=\"581\" height=\"536\" srcset=\"https:\/\/www.giurgiuveanul.ro\/stiri\/wp-content\/uploads\/2022\/12\/81299234_571645676768685_7220544128629604352_n-488x450.jpg 488w, https:\/\/www.giurgiuveanul.ro\/stiri\/wp-content\/uploads\/2022\/12\/81299234_571645676768685_7220544128629604352_n-250x231.jpg 250w, https:\/\/www.giurgiuveanul.ro\/stiri\/wp-content\/uploads\/2022\/12\/81299234_571645676768685_7220544128629604352_n-400x369.jpg 400w, https:\/\/www.giurgiuveanul.ro\/stiri\/wp-content\/uploads\/2022\/12\/81299234_571645676768685_7220544128629604352_n.jpg 542w\" sizes=\"auto, (max-width: 581px) 100vw, 581px\" \/><\/a>V\u0103 doresc sincer ca Na\u0219terea Domnului<!--more--> s\u0103 v\u0103 aduc\u0103 s\u0103n\u0103tate, \u00eempliniri, lini\u0219te sufleteasc\u0103 \u0219i multe bucurii.<\/p>\n<p>Cr\u0103ciun Fericit!<\/p>\n<p style=\"text-align: center;\">Dan Rusu,<\/p>\n<p style=\"text-align: center;\"><strong>Primarul comunei Aduna\u0163ii Cop\u0103ceni<\/strong><\/p>\n","protected":false},"excerpt":{"rendered":"<p>V\u0103 doresc sincer ca Na\u0219terea Domnului<\/p>\n","protected":false},"author":1,"featured_media":0,"comment_status":"open","ping_status":"open","sticky":false,"template":"","format":"standard","meta":{"footnotes":""},"categories":[6],"tags":[],"class_list":["post-94367","post","type-post","status-publish","format-standard","hentry","category-breaking-news"],"_links":{"self":[{"href":"https:\/\/www.giurgiuveanul.ro\/stiri\/wp-json\/wp\/v2\/posts\/94367","targetHints":{"allow":["GET"]}}],"collection":[{"href":"https:\/\/www.giurgiuveanul.ro\/stiri\/wp-json\/wp\/v2\/posts"}],"about":[{"href":"https:\/\/www.giurgiuveanul.ro\/stiri\/wp-json\/wp\/v2\/types\/post"}],"author":[{"embeddable":true,"href":"https:\/\/www.giurgiuveanul.ro\/stiri\/wp-json\/wp\/v2\/users\/1"}],"replies":[{"embeddable":true,"href":"https:\/\/www.giurgiuveanul.ro\/stiri\/wp-json\/wp\/v2\/comments?post=94367"}],"version-history":[{"count":0,"href":"https:\/\/www.giurgiuveanul.ro\/stiri\/wp-json\/wp\/v2\/posts\/94367\/revisions"}],"wp:attachment":[{"href":"https:\/\/www.giurgiuveanul.ro\/stiri\/wp-json\/wp\/v2\/media?parent=94367"}],"wp:term":[{"taxonomy":"category","embeddable":true,"href":"https:\/\/www.giurgiuveanul.ro\/stiri\/wp-json\/wp\/v2\/categories?post=94367"},{"taxonomy":"post_tag","embeddable":true,"href":"https:\/\/www.giurgiuveanul.ro\/stiri\/wp-json\/wp\/v2\/tags?post=94367"}],"curies":[{"name":"wp","href":"https:\/\/api.w.org\/{rel}","templated":true}]}}