{"id":94370,"date":"2022-12-25T14:07:19","date_gmt":"2022-12-25T12:07:19","guid":{"rendered":"https:\/\/www.giurgiuveanul.ro\/stiri\/?p=94370"},"modified":"2022-12-25T14:07:45","modified_gmt":"2022-12-25T12:07:45","slug":"primarul-orasului-mihailesti-mihai-dobre-mesaj-de-craciun","status":"publish","type":"post","link":"https:\/\/www.giurgiuveanul.ro\/stiri\/primarul-orasului-mihailesti-mihai-dobre-mesaj-de-craciun\/","title":{"rendered":"Primarul ora\u015fului Mih\u0103ile\u015fti, Mihai Dobre, MESAJ DE CR\u0102CIUN!"},"content":{"rendered":"<p style=\"text-align: justify;\"><a href=\"https:\/\/www.giurgiuveanul.ro\/stiri\/wp-content\/uploads\/2022\/12\/WhatsApp-Image-2021-12-28-at-20.03.31.jpeg\"><img loading=\"lazy\" decoding=\"async\" class=\"aligncenter wp-image-94371\" src=\"https:\/\/www.giurgiuveanul.ro\/stiri\/wp-content\/uploads\/2022\/12\/WhatsApp-Image-2021-12-28-at-20.03.31-553x450.jpeg\" alt=\"\" width=\"575\" height=\"468\" srcset=\"https:\/\/www.giurgiuveanul.ro\/stiri\/wp-content\/uploads\/2022\/12\/WhatsApp-Image-2021-12-28-at-20.03.31-553x450.jpeg 553w, https:\/\/www.giurgiuveanul.ro\/stiri\/wp-content\/uploads\/2022\/12\/WhatsApp-Image-2021-12-28-at-20.03.31-250x204.jpeg 250w, https:\/\/www.giurgiuveanul.ro\/stiri\/wp-content\/uploads\/2022\/12\/WhatsApp-Image-2021-12-28-at-20.03.31-768x625.jpeg 768w, https:\/\/www.giurgiuveanul.ro\/stiri\/wp-content\/uploads\/2022\/12\/WhatsApp-Image-2021-12-28-at-20.03.31-1536x1251.jpeg 1536w, https:\/\/www.giurgiuveanul.ro\/stiri\/wp-content\/uploads\/2022\/12\/WhatsApp-Image-2021-12-28-at-20.03.31-400x326.jpeg 400w, https:\/\/www.giurgiuveanul.ro\/stiri\/wp-content\/uploads\/2022\/12\/WhatsApp-Image-2021-12-28-at-20.03.31.jpeg 1600w\" sizes=\"auto, (max-width: 575px) 100vw, 575px\" \/><\/a>Tuturor locuitorilor<!--more--> ora\u015fului Mih\u0103ile\u015fti \u015fi giurgiuvenilor sincere ur\u0103ri de bine la acest final de an \u0219i v\u0103 doresc ca Sfintele S\u0103rb\u0103tori s\u0103 v\u0103 aduc\u0103 pace \u00een suflete, s\u0103natate, prosperitate \u0219i multe bucurii.<\/p>\n<p style=\"text-align: justify;\">V\u0103 doresc s\u0103rb\u0103tori frumoase, cu oameni dragi aproape \u0219i cu speran\u021b\u0103 \u00een inim\u0103.<\/p>\n<p style=\"text-align: justify;\">Cr\u0103ciun Fericit!<\/p>\n<p style=\"text-align: center;\">Mihai Dobre,<\/p>\n<p style=\"text-align: center;\"><strong>Primarul ora\u015fului Mih\u0103ile\u015fti<\/strong><\/p>\n","protected":false},"excerpt":{"rendered":"<p>Tuturor locuitorilor<\/p>\n","protected":false},"author":1,"featured_media":0,"comment_status":"open","ping_status":"open","sticky":false,"template":"","format":"standard","meta":{"footnotes":""},"categories":[6],"tags":[],"class_list":["post-94370","post","type-post","status-publish","format-standard","hentry","category-breaking-news"],"_links":{"self":[{"href":"https:\/\/www.giurgiuveanul.ro\/stiri\/wp-json\/wp\/v2\/posts\/94370","targetHints":{"allow":["GET"]}}],"collection":[{"href":"https:\/\/www.giurgiuveanul.ro\/stiri\/wp-json\/wp\/v2\/posts"}],"about":[{"href":"https:\/\/www.giurgiuveanul.ro\/stiri\/wp-json\/wp\/v2\/types\/post"}],"author":[{"embeddable":true,"href":"https:\/\/www.giurgiuveanul.ro\/stiri\/wp-json\/wp\/v2\/users\/1"}],"replies":[{"embeddable":true,"href":"https:\/\/www.giurgiuveanul.ro\/stiri\/wp-json\/wp\/v2\/comments?post=94370"}],"version-history":[{"count":0,"href":"https:\/\/www.giurgiuveanul.ro\/stiri\/wp-json\/wp\/v2\/posts\/94370\/revisions"}],"wp:attachment":[{"href":"https:\/\/www.giurgiuveanul.ro\/stiri\/wp-json\/wp\/v2\/media?parent=94370"}],"wp:term":[{"taxonomy":"category","embeddable":true,"href":"https:\/\/www.giurgiuveanul.ro\/stiri\/wp-json\/wp\/v2\/categories?post=94370"},{"taxonomy":"post_tag","embeddable":true,"href":"https:\/\/www.giurgiuveanul.ro\/stiri\/wp-json\/wp\/v2\/tags?post=94370"}],"curies":[{"name":"wp","href":"https:\/\/api.w.org\/{rel}","templated":true}]}}