{"id":94375,"date":"2022-12-25T14:12:19","date_gmt":"2022-12-25T12:12:19","guid":{"rendered":"https:\/\/www.giurgiuveanul.ro\/stiri\/?p=94375"},"modified":"2022-12-25T14:26:39","modified_gmt":"2022-12-25T12:26:39","slug":"primarul-comunei-baneasa-viorel-rotaru-mesaj-de-craciun","status":"publish","type":"post","link":"https:\/\/www.giurgiuveanul.ro\/stiri\/primarul-comunei-baneasa-viorel-rotaru-mesaj-de-craciun\/","title":{"rendered":"Primarul comunei B\u0103neasa, Viorel Rotaru, MESAJ DE CR\u0102CIUN!"},"content":{"rendered":"<p style=\"text-align: justify;\"><a href=\"https:\/\/www.giurgiuveanul.ro\/stiri\/wp-content\/uploads\/2022\/12\/WhatsApp-Image-2022-12-25-at-14.23.23.jpeg\"><img loading=\"lazy\" decoding=\"async\" class=\"aligncenter wp-image-94387\" src=\"https:\/\/www.giurgiuveanul.ro\/stiri\/wp-content\/uploads\/2022\/12\/WhatsApp-Image-2022-12-25-at-14.23.23-521x450.jpeg\" alt=\"\" width=\"582\" height=\"503\" srcset=\"https:\/\/www.giurgiuveanul.ro\/stiri\/wp-content\/uploads\/2022\/12\/WhatsApp-Image-2022-12-25-at-14.23.23-521x450.jpeg 521w, https:\/\/www.giurgiuveanul.ro\/stiri\/wp-content\/uploads\/2022\/12\/WhatsApp-Image-2022-12-25-at-14.23.23-250x216.jpeg 250w, https:\/\/www.giurgiuveanul.ro\/stiri\/wp-content\/uploads\/2022\/12\/WhatsApp-Image-2022-12-25-at-14.23.23-768x664.jpeg 768w, https:\/\/www.giurgiuveanul.ro\/stiri\/wp-content\/uploads\/2022\/12\/WhatsApp-Image-2022-12-25-at-14.23.23-400x346.jpeg 400w, https:\/\/www.giurgiuveanul.ro\/stiri\/wp-content\/uploads\/2022\/12\/WhatsApp-Image-2022-12-25-at-14.23.23.jpeg 900w\" sizes=\"auto, (max-width: 582px) 100vw, 582px\" \/><\/a>Cea mai frumoas\u0103 s\u0103rb\u0103toare cre\u0219tin\u0103<!--more--> ne adun\u0103 pe to\u021bi \u00een jurul mesei de Cr\u0103ciun.<\/p>\n<p style=\"text-align: justify;\">Bucuria \u0219i sfin\u021benia acestor zile minunate de iarn\u0103, \u00een care r\u0103sun\u0103 ecoul colindelor \u0219i ur\u0103rilor de bine, s\u0103 aduc\u0103 spiritul s\u0103rb\u0103torii prin pace \u0219i emo\u0163ia Na\u0219terii Domnului prin dragoste.<\/p>\n<p style=\"text-align: justify;\">V\u0103 doresc s\u0103rb\u0103tori binecuv\u00e2ntate al\u0103turi de cei dragi.<\/p>\n<p style=\"text-align: justify;\">Cr\u0103ciun Fericit tuturor!<\/p>\n<p style=\"text-align: center;\">Viorel Rotaru,<\/p>\n<p style=\"text-align: center;\"><strong>Primarul comunei B\u0103neasa<\/strong><\/p>\n","protected":false},"excerpt":{"rendered":"<p>Cea mai frumoas\u0103 s\u0103rb\u0103toare cre\u0219tin\u0103<\/p>\n","protected":false},"author":1,"featured_media":0,"comment_status":"open","ping_status":"open","sticky":false,"template":"","format":"standard","meta":{"footnotes":""},"categories":[6],"tags":[],"class_list":["post-94375","post","type-post","status-publish","format-standard","hentry","category-breaking-news"],"_links":{"self":[{"href":"https:\/\/www.giurgiuveanul.ro\/stiri\/wp-json\/wp\/v2\/posts\/94375","targetHints":{"allow":["GET"]}}],"collection":[{"href":"https:\/\/www.giurgiuveanul.ro\/stiri\/wp-json\/wp\/v2\/posts"}],"about":[{"href":"https:\/\/www.giurgiuveanul.ro\/stiri\/wp-json\/wp\/v2\/types\/post"}],"author":[{"embeddable":true,"href":"https:\/\/www.giurgiuveanul.ro\/stiri\/wp-json\/wp\/v2\/users\/1"}],"replies":[{"embeddable":true,"href":"https:\/\/www.giurgiuveanul.ro\/stiri\/wp-json\/wp\/v2\/comments?post=94375"}],"version-history":[{"count":0,"href":"https:\/\/www.giurgiuveanul.ro\/stiri\/wp-json\/wp\/v2\/posts\/94375\/revisions"}],"wp:attachment":[{"href":"https:\/\/www.giurgiuveanul.ro\/stiri\/wp-json\/wp\/v2\/media?parent=94375"}],"wp:term":[{"taxonomy":"category","embeddable":true,"href":"https:\/\/www.giurgiuveanul.ro\/stiri\/wp-json\/wp\/v2\/categories?post=94375"},{"taxonomy":"post_tag","embeddable":true,"href":"https:\/\/www.giurgiuveanul.ro\/stiri\/wp-json\/wp\/v2\/tags?post=94375"}],"curies":[{"name":"wp","href":"https:\/\/api.w.org\/{rel}","templated":true}]}}