{"id":94379,"date":"2022-12-25T14:17:09","date_gmt":"2022-12-25T12:17:09","guid":{"rendered":"https:\/\/www.giurgiuveanul.ro\/stiri\/?p=94379"},"modified":"2022-12-25T14:17:43","modified_gmt":"2022-12-25T12:17:43","slug":"primarul-comunei-letca-noua-marian-negru-mesaj-de-craciun","status":"publish","type":"post","link":"https:\/\/www.giurgiuveanul.ro\/stiri\/primarul-comunei-letca-noua-marian-negru-mesaj-de-craciun\/","title":{"rendered":"Primarul comunei Letca Nou\u0103, Marian Negru, MESAJ DE CR\u0102CIUN!"},"content":{"rendered":"<p style=\"text-align: justify;\"><a href=\"https:\/\/www.giurgiuveanul.ro\/stiri\/wp-content\/uploads\/2022\/12\/WhatsApp-Image-2021-12-28-at-20.04.02.jpeg\"><img loading=\"lazy\" decoding=\"async\" class=\"aligncenter wp-image-94380\" src=\"https:\/\/www.giurgiuveanul.ro\/stiri\/wp-content\/uploads\/2022\/12\/WhatsApp-Image-2021-12-28-at-20.04.02-551x450.jpeg\" alt=\"\" width=\"582\" height=\"476\" srcset=\"https:\/\/www.giurgiuveanul.ro\/stiri\/wp-content\/uploads\/2022\/12\/WhatsApp-Image-2021-12-28-at-20.04.02-551x450.jpeg 551w, https:\/\/www.giurgiuveanul.ro\/stiri\/wp-content\/uploads\/2022\/12\/WhatsApp-Image-2021-12-28-at-20.04.02-250x204.jpeg 250w, https:\/\/www.giurgiuveanul.ro\/stiri\/wp-content\/uploads\/2022\/12\/WhatsApp-Image-2021-12-28-at-20.04.02-768x627.jpeg 768w, https:\/\/www.giurgiuveanul.ro\/stiri\/wp-content\/uploads\/2022\/12\/WhatsApp-Image-2021-12-28-at-20.04.02-1536x1255.jpeg 1536w, https:\/\/www.giurgiuveanul.ro\/stiri\/wp-content\/uploads\/2022\/12\/WhatsApp-Image-2021-12-28-at-20.04.02-400x327.jpeg 400w, https:\/\/www.giurgiuveanul.ro\/stiri\/wp-content\/uploads\/2022\/12\/WhatsApp-Image-2021-12-28-at-20.04.02.jpeg 1600w\" sizes=\"auto, (max-width: 582px) 100vw, 582px\" \/><\/a>Cu prilejul s\u0103rb\u0103torii Na\u015fterii Domnului<!--more--> v\u0103 doresc tuturor mult\u0103 bucurie \u0219i pace sufleteasc\u0103.<\/p>\n<p style=\"text-align: justify;\">Noul An s\u0103 v\u0103 aduc\u0103 s\u0103n\u0103tate, \u00eempliniri \u0219i clipe c\u00e2t mai frumoase al\u0103turi de cei dragi!<\/p>\n<p style=\"text-align: justify;\">Cr\u0103ciun Fericit!<\/p>\n<p>&nbsp;<\/p>\n<p style=\"text-align: center;\">Marian Negru,<\/p>\n<p style=\"text-align: center;\"><strong>Primarul comunei Letca Nou\u0103<\/strong><\/p>\n","protected":false},"excerpt":{"rendered":"<p>Cu prilejul s\u0103rb\u0103torii Na\u015fterii Domnului<\/p>\n","protected":false},"author":1,"featured_media":0,"comment_status":"open","ping_status":"open","sticky":false,"template":"","format":"standard","meta":{"footnotes":""},"categories":[6],"tags":[],"class_list":["post-94379","post","type-post","status-publish","format-standard","hentry","category-breaking-news"],"_links":{"self":[{"href":"https:\/\/www.giurgiuveanul.ro\/stiri\/wp-json\/wp\/v2\/posts\/94379","targetHints":{"allow":["GET"]}}],"collection":[{"href":"https:\/\/www.giurgiuveanul.ro\/stiri\/wp-json\/wp\/v2\/posts"}],"about":[{"href":"https:\/\/www.giurgiuveanul.ro\/stiri\/wp-json\/wp\/v2\/types\/post"}],"author":[{"embeddable":true,"href":"https:\/\/www.giurgiuveanul.ro\/stiri\/wp-json\/wp\/v2\/users\/1"}],"replies":[{"embeddable":true,"href":"https:\/\/www.giurgiuveanul.ro\/stiri\/wp-json\/wp\/v2\/comments?post=94379"}],"version-history":[{"count":0,"href":"https:\/\/www.giurgiuveanul.ro\/stiri\/wp-json\/wp\/v2\/posts\/94379\/revisions"}],"wp:attachment":[{"href":"https:\/\/www.giurgiuveanul.ro\/stiri\/wp-json\/wp\/v2\/media?parent=94379"}],"wp:term":[{"taxonomy":"category","embeddable":true,"href":"https:\/\/www.giurgiuveanul.ro\/stiri\/wp-json\/wp\/v2\/categories?post=94379"},{"taxonomy":"post_tag","embeddable":true,"href":"https:\/\/www.giurgiuveanul.ro\/stiri\/wp-json\/wp\/v2\/tags?post=94379"}],"curies":[{"name":"wp","href":"https:\/\/api.w.org\/{rel}","templated":true}]}}