{"id":94383,"date":"2022-12-25T14:23:27","date_gmt":"2022-12-25T12:23:27","guid":{"rendered":"https:\/\/www.giurgiuveanul.ro\/stiri\/?p=94383"},"modified":"2022-12-25T15:09:11","modified_gmt":"2022-12-25T13:09:11","slug":"primarul-comunei-clejani-florin-nidelea-mesaj-de-craciun","status":"publish","type":"post","link":"https:\/\/www.giurgiuveanul.ro\/stiri\/primarul-comunei-clejani-florin-nidelea-mesaj-de-craciun\/","title":{"rendered":"Primarul comunei Clejani, Florin Nidelea, MESAJ DE CR\u0102CIUN!"},"content":{"rendered":"<p style=\"text-align: justify;\"><a href=\"https:\/\/www.giurgiuveanul.ro\/stiri\/wp-content\/uploads\/2022\/12\/WhatsApp-Image-2022-12-25-at-15.06.49.jpeg\"><img loading=\"lazy\" decoding=\"async\" class=\"aligncenter wp-image-94405\" src=\"https:\/\/www.giurgiuveanul.ro\/stiri\/wp-content\/uploads\/2022\/12\/WhatsApp-Image-2022-12-25-at-15.06.49-560x397.jpeg\" alt=\"\" width=\"586\" height=\"415\" srcset=\"https:\/\/www.giurgiuveanul.ro\/stiri\/wp-content\/uploads\/2022\/12\/WhatsApp-Image-2022-12-25-at-15.06.49-560x397.jpeg 560w, https:\/\/www.giurgiuveanul.ro\/stiri\/wp-content\/uploads\/2022\/12\/WhatsApp-Image-2022-12-25-at-15.06.49-250x177.jpeg 250w, https:\/\/www.giurgiuveanul.ro\/stiri\/wp-content\/uploads\/2022\/12\/WhatsApp-Image-2022-12-25-at-15.06.49-768x545.jpeg 768w, https:\/\/www.giurgiuveanul.ro\/stiri\/wp-content\/uploads\/2022\/12\/WhatsApp-Image-2022-12-25-at-15.06.49-1536x1090.jpeg 1536w, https:\/\/www.giurgiuveanul.ro\/stiri\/wp-content\/uploads\/2022\/12\/WhatsApp-Image-2022-12-25-at-15.06.49-400x284.jpeg 400w, https:\/\/www.giurgiuveanul.ro\/stiri\/wp-content\/uploads\/2022\/12\/WhatsApp-Image-2022-12-25-at-15.06.49.jpeg 1600w\" sizes=\"auto, (max-width: 586px) 100vw, 586px\" \/><\/a>Cr\u0103ciunul este<!--more--> S\u0103rb\u0103toarea Na\u015fterii Domnului nostru Iisus Hristos. Cr\u0103ciunul \u00eenseamn\u0103 momente frumoase petrecute \u00een familie, al\u0103turi de to\u0163i cei dragi. \u00censeamn\u0103 colinde, bucurie \u00een cas\u0103 \u015fi bel\u015fug pe mas\u0103.<\/p>\n<p style=\"text-align: justify;\">S\u0103 v\u0103 bucura\u0163i de aceast\u0103 sf\u00e2nt\u0103 \u015fi minunat\u0103 S\u0103rb\u0103toare.<\/p>\n<p style=\"text-align: justify;\">Cr\u0103ciun Fericit tuturor!<\/p>\n<p style=\"text-align: center;\">Florin Nidelea,<\/p>\n<p style=\"text-align: center;\"><strong>Primarul comunei Clejani<\/strong><\/p>\n","protected":false},"excerpt":{"rendered":"<p>Cr\u0103ciunul este<\/p>\n","protected":false},"author":1,"featured_media":0,"comment_status":"open","ping_status":"open","sticky":false,"template":"","format":"standard","meta":{"footnotes":""},"categories":[6],"tags":[],"class_list":["post-94383","post","type-post","status-publish","format-standard","hentry","category-breaking-news"],"_links":{"self":[{"href":"https:\/\/www.giurgiuveanul.ro\/stiri\/wp-json\/wp\/v2\/posts\/94383","targetHints":{"allow":["GET"]}}],"collection":[{"href":"https:\/\/www.giurgiuveanul.ro\/stiri\/wp-json\/wp\/v2\/posts"}],"about":[{"href":"https:\/\/www.giurgiuveanul.ro\/stiri\/wp-json\/wp\/v2\/types\/post"}],"author":[{"embeddable":true,"href":"https:\/\/www.giurgiuveanul.ro\/stiri\/wp-json\/wp\/v2\/users\/1"}],"replies":[{"embeddable":true,"href":"https:\/\/www.giurgiuveanul.ro\/stiri\/wp-json\/wp\/v2\/comments?post=94383"}],"version-history":[{"count":0,"href":"https:\/\/www.giurgiuveanul.ro\/stiri\/wp-json\/wp\/v2\/posts\/94383\/revisions"}],"wp:attachment":[{"href":"https:\/\/www.giurgiuveanul.ro\/stiri\/wp-json\/wp\/v2\/media?parent=94383"}],"wp:term":[{"taxonomy":"category","embeddable":true,"href":"https:\/\/www.giurgiuveanul.ro\/stiri\/wp-json\/wp\/v2\/categories?post=94383"},{"taxonomy":"post_tag","embeddable":true,"href":"https:\/\/www.giurgiuveanul.ro\/stiri\/wp-json\/wp\/v2\/tags?post=94383"}],"curies":[{"name":"wp","href":"https:\/\/api.w.org\/{rel}","templated":true}]}}