{"id":94390,"date":"2022-12-25T14:37:38","date_gmt":"2022-12-25T12:37:38","guid":{"rendered":"https:\/\/www.giurgiuveanul.ro\/stiri\/?p=94390"},"modified":"2022-12-25T14:38:28","modified_gmt":"2022-12-25T12:38:28","slug":"primarul-comunei-singureni-marian-patuleanu-mesaj-de-craciun","status":"publish","type":"post","link":"https:\/\/www.giurgiuveanul.ro\/stiri\/primarul-comunei-singureni-marian-patuleanu-mesaj-de-craciun\/","title":{"rendered":"Primarul comunei Singureni, Marian P\u0103tuleanu, MESAJ DE CR\u0102CIUN!"},"content":{"rendered":"<p style=\"text-align: justify;\"><a href=\"https:\/\/www.giurgiuveanul.ro\/stiri\/wp-content\/uploads\/2022\/12\/Marian-Patuleanu.jpg\"><img loading=\"lazy\" decoding=\"async\" class=\"aligncenter wp-image-94391\" src=\"https:\/\/www.giurgiuveanul.ro\/stiri\/wp-content\/uploads\/2022\/12\/Marian-Patuleanu-560x443.jpg\" alt=\"\" width=\"577\" height=\"457\" srcset=\"https:\/\/www.giurgiuveanul.ro\/stiri\/wp-content\/uploads\/2022\/12\/Marian-Patuleanu-560x443.jpg 560w, https:\/\/www.giurgiuveanul.ro\/stiri\/wp-content\/uploads\/2022\/12\/Marian-Patuleanu-250x198.jpg 250w, https:\/\/www.giurgiuveanul.ro\/stiri\/wp-content\/uploads\/2022\/12\/Marian-Patuleanu-768x608.jpg 768w, https:\/\/www.giurgiuveanul.ro\/stiri\/wp-content\/uploads\/2022\/12\/Marian-Patuleanu-1536x1216.jpg 1536w, https:\/\/www.giurgiuveanul.ro\/stiri\/wp-content\/uploads\/2022\/12\/Marian-Patuleanu-400x317.jpg 400w, https:\/\/www.giurgiuveanul.ro\/stiri\/wp-content\/uploads\/2022\/12\/Marian-Patuleanu.jpg 2000w\" sizes=\"auto, (max-width: 577px) 100vw, 577px\" \/><\/a>Sunetul clopo\u021beilor \u0219i<!--more--> stelu\u0163ele argintii s\u0103 v\u0103 aduc\u0103 numai bucurii! De Cr\u0103ciun s\u0103 ave\u021bi brad \u00eenc\u0103rcat, bogat, pahar \u00eenchinat, vin curat, g\u00e2nd luminos \u0219i \u00eempliniri. Fie ca pacea \u0219i dragostea s\u0103 v\u0103 cuprind\u0103 \u00een aceast\u0103 perioad\u0103 minunat\u0103.<\/p>\n<p style=\"text-align: justify;\">Cr\u0103ciun Fericit \u0219i La Mul\u021bi Ani!<\/p>\n<p style=\"text-align: center;\">Marian P\u0103tuleanu,<\/p>\n<p style=\"text-align: center;\"><strong>Primarul comunei Singureni<\/strong><\/p>\n","protected":false},"excerpt":{"rendered":"<p>Sunetul clopo\u021beilor \u0219i<\/p>\n","protected":false},"author":1,"featured_media":0,"comment_status":"open","ping_status":"open","sticky":false,"template":"","format":"standard","meta":{"footnotes":""},"categories":[6],"tags":[],"class_list":["post-94390","post","type-post","status-publish","format-standard","hentry","category-breaking-news"],"_links":{"self":[{"href":"https:\/\/www.giurgiuveanul.ro\/stiri\/wp-json\/wp\/v2\/posts\/94390","targetHints":{"allow":["GET"]}}],"collection":[{"href":"https:\/\/www.giurgiuveanul.ro\/stiri\/wp-json\/wp\/v2\/posts"}],"about":[{"href":"https:\/\/www.giurgiuveanul.ro\/stiri\/wp-json\/wp\/v2\/types\/post"}],"author":[{"embeddable":true,"href":"https:\/\/www.giurgiuveanul.ro\/stiri\/wp-json\/wp\/v2\/users\/1"}],"replies":[{"embeddable":true,"href":"https:\/\/www.giurgiuveanul.ro\/stiri\/wp-json\/wp\/v2\/comments?post=94390"}],"version-history":[{"count":0,"href":"https:\/\/www.giurgiuveanul.ro\/stiri\/wp-json\/wp\/v2\/posts\/94390\/revisions"}],"wp:attachment":[{"href":"https:\/\/www.giurgiuveanul.ro\/stiri\/wp-json\/wp\/v2\/media?parent=94390"}],"wp:term":[{"taxonomy":"category","embeddable":true,"href":"https:\/\/www.giurgiuveanul.ro\/stiri\/wp-json\/wp\/v2\/categories?post=94390"},{"taxonomy":"post_tag","embeddable":true,"href":"https:\/\/www.giurgiuveanul.ro\/stiri\/wp-json\/wp\/v2\/tags?post=94390"}],"curies":[{"name":"wp","href":"https:\/\/api.w.org\/{rel}","templated":true}]}}