{"id":94395,"date":"2022-12-25T14:46:28","date_gmt":"2022-12-25T12:46:28","guid":{"rendered":"https:\/\/www.giurgiuveanul.ro\/stiri\/?p=94395"},"modified":"2022-12-25T14:46:28","modified_gmt":"2022-12-25T12:46:28","slug":"primarul-comunei-ghimpati-constantin-carapanceanu-mesaj-de-craciun","status":"publish","type":"post","link":"https:\/\/www.giurgiuveanul.ro\/stiri\/primarul-comunei-ghimpati-constantin-carapanceanu-mesaj-de-craciun\/","title":{"rendered":"Primarul comunei Ghimpa\u0163i, Constantin C\u0103r\u0103p\u0103nceanu, MESAJ DE CR\u0102CIUN!"},"content":{"rendered":"<p style=\"text-align: justify;\"><a href=\"https:\/\/www.giurgiuveanul.ro\/stiri\/wp-content\/uploads\/2022\/12\/carapanceanu.jpg\"><img loading=\"lazy\" decoding=\"async\" class=\"aligncenter  wp-image-94396\" src=\"https:\/\/www.giurgiuveanul.ro\/stiri\/wp-content\/uploads\/2022\/12\/carapanceanu-553x450.jpg\" alt=\"\" width=\"575\" height=\"468\" srcset=\"https:\/\/www.giurgiuveanul.ro\/stiri\/wp-content\/uploads\/2022\/12\/carapanceanu-553x450.jpg 553w, https:\/\/www.giurgiuveanul.ro\/stiri\/wp-content\/uploads\/2022\/12\/carapanceanu-250x203.jpg 250w, https:\/\/www.giurgiuveanul.ro\/stiri\/wp-content\/uploads\/2022\/12\/carapanceanu-768x625.jpg 768w, https:\/\/www.giurgiuveanul.ro\/stiri\/wp-content\/uploads\/2022\/12\/carapanceanu-400x325.jpg 400w, https:\/\/www.giurgiuveanul.ro\/stiri\/wp-content\/uploads\/2022\/12\/carapanceanu.jpg 900w\" sizes=\"auto, (max-width: 575px) 100vw, 575px\" \/><\/a>V\u0103 doresc tuturor<!--more--> un Cr\u0103ciun fericit, s\u0103rb\u0103tori frumoase al\u0103turi de cei dragi, mult\u0103 lini\u0219te \u0219i pace.<\/p>\n<p style=\"text-align: justify;\">Sf\u00e2nta S\u0103rb\u0103toare a Na\u0219terii Domnului s\u0103 fie pentru dumneavoastr\u0103 \u0219i pentru cei dragi un prilej de bucurie \u0219i lini\u0219te sufleteasc\u0103, iar Noul An s\u0103 v\u0103 aduc\u0103 s\u0103n\u0103tate\u00a0 fericire \u0219i \u00eemplinirea tuturor dorin\u021belor.<\/p>\n<p style=\"text-align: justify;\">Cr\u0103ciun Fericit \u0219i La mul\u021bi ani!<\/p>\n<p>&nbsp;<\/p>\n<p style=\"text-align: center;\">Constantin C\u0103r\u0103p\u0103nceanu,<\/p>\n<p style=\"text-align: center;\"><strong>Primarul comunei Ghimpa\u0163i<\/strong><\/p>\n","protected":false},"excerpt":{"rendered":"<p>V\u0103 doresc tuturor<\/p>\n","protected":false},"author":1,"featured_media":0,"comment_status":"open","ping_status":"open","sticky":false,"template":"","format":"standard","meta":{"footnotes":""},"categories":[6],"tags":[],"class_list":["post-94395","post","type-post","status-publish","format-standard","hentry","category-breaking-news"],"_links":{"self":[{"href":"https:\/\/www.giurgiuveanul.ro\/stiri\/wp-json\/wp\/v2\/posts\/94395","targetHints":{"allow":["GET"]}}],"collection":[{"href":"https:\/\/www.giurgiuveanul.ro\/stiri\/wp-json\/wp\/v2\/posts"}],"about":[{"href":"https:\/\/www.giurgiuveanul.ro\/stiri\/wp-json\/wp\/v2\/types\/post"}],"author":[{"embeddable":true,"href":"https:\/\/www.giurgiuveanul.ro\/stiri\/wp-json\/wp\/v2\/users\/1"}],"replies":[{"embeddable":true,"href":"https:\/\/www.giurgiuveanul.ro\/stiri\/wp-json\/wp\/v2\/comments?post=94395"}],"version-history":[{"count":0,"href":"https:\/\/www.giurgiuveanul.ro\/stiri\/wp-json\/wp\/v2\/posts\/94395\/revisions"}],"wp:attachment":[{"href":"https:\/\/www.giurgiuveanul.ro\/stiri\/wp-json\/wp\/v2\/media?parent=94395"}],"wp:term":[{"taxonomy":"category","embeddable":true,"href":"https:\/\/www.giurgiuveanul.ro\/stiri\/wp-json\/wp\/v2\/categories?post=94395"},{"taxonomy":"post_tag","embeddable":true,"href":"https:\/\/www.giurgiuveanul.ro\/stiri\/wp-json\/wp\/v2\/tags?post=94395"}],"curies":[{"name":"wp","href":"https:\/\/api.w.org\/{rel}","templated":true}]}}