{"id":94411,"date":"2022-12-25T15:27:50","date_gmt":"2022-12-25T13:27:50","guid":{"rendered":"https:\/\/www.giurgiuveanul.ro\/stiri\/?p=94411"},"modified":"2022-12-25T15:28:37","modified_gmt":"2022-12-25T13:28:37","slug":"primarul-comunei-ulmi-petre-nicolae-mesaj-de-craciun","status":"publish","type":"post","link":"https:\/\/www.giurgiuveanul.ro\/stiri\/primarul-comunei-ulmi-petre-nicolae-mesaj-de-craciun\/","title":{"rendered":"Primarul comunei Ulmi, Petre Nicolae, MESAJ DE CR\u0102CIUN!"},"content":{"rendered":"<p style=\"text-align: justify;\"><a href=\"https:\/\/www.giurgiuveanul.ro\/stiri\/wp-content\/uploads\/2022\/12\/petre-nicolae.jpg\"><img loading=\"lazy\" decoding=\"async\" class=\"aligncenter wp-image-94412\" src=\"https:\/\/www.giurgiuveanul.ro\/stiri\/wp-content\/uploads\/2022\/12\/petre-nicolae-519x450.jpg\" alt=\"\" width=\"583\" height=\"505\" srcset=\"https:\/\/www.giurgiuveanul.ro\/stiri\/wp-content\/uploads\/2022\/12\/petre-nicolae-519x450.jpg 519w, https:\/\/www.giurgiuveanul.ro\/stiri\/wp-content\/uploads\/2022\/12\/petre-nicolae-250x217.jpg 250w, https:\/\/www.giurgiuveanul.ro\/stiri\/wp-content\/uploads\/2022\/12\/petre-nicolae-768x666.jpg 768w, https:\/\/www.giurgiuveanul.ro\/stiri\/wp-content\/uploads\/2022\/12\/petre-nicolae-400x347.jpg 400w, https:\/\/www.giurgiuveanul.ro\/stiri\/wp-content\/uploads\/2022\/12\/petre-nicolae.jpg 900w\" sizes=\"auto, (max-width: 583px) 100vw, 583px\" \/><\/a>Sf\u00e2nta S\u0103rb\u0103toare a Cr\u0103ciunului<!--more--> s\u0103 v\u0103 aduc\u0103 s\u0103n\u0103tate, bucurie \u00een case \u0219i mult noroc, iar colindele s\u0103 v\u0103 \u00eenc\u0103lzeasc\u0103 sufletul!<\/p>\n<p style=\"text-align: justify;\">V\u0103 doresc s\u0103rb\u0103tori binecuv\u00e2ntate al\u0103turi de cei dragi!<\/p>\n<p style=\"text-align: justify;\">Cr\u0103ciun Fericit!<\/p>\n<p>&nbsp;<\/p>\n<p style=\"text-align: center;\">Petre Nicolae,<\/p>\n<p style=\"text-align: center;\"><strong>Primarul comunei Ulmi<\/strong><\/p>\n","protected":false},"excerpt":{"rendered":"<p>Sf\u00e2nta S\u0103rb\u0103toare a Cr\u0103ciunului<\/p>\n","protected":false},"author":1,"featured_media":0,"comment_status":"open","ping_status":"open","sticky":false,"template":"","format":"standard","meta":{"footnotes":""},"categories":[6],"tags":[],"class_list":["post-94411","post","type-post","status-publish","format-standard","hentry","category-breaking-news"],"_links":{"self":[{"href":"https:\/\/www.giurgiuveanul.ro\/stiri\/wp-json\/wp\/v2\/posts\/94411","targetHints":{"allow":["GET"]}}],"collection":[{"href":"https:\/\/www.giurgiuveanul.ro\/stiri\/wp-json\/wp\/v2\/posts"}],"about":[{"href":"https:\/\/www.giurgiuveanul.ro\/stiri\/wp-json\/wp\/v2\/types\/post"}],"author":[{"embeddable":true,"href":"https:\/\/www.giurgiuveanul.ro\/stiri\/wp-json\/wp\/v2\/users\/1"}],"replies":[{"embeddable":true,"href":"https:\/\/www.giurgiuveanul.ro\/stiri\/wp-json\/wp\/v2\/comments?post=94411"}],"version-history":[{"count":0,"href":"https:\/\/www.giurgiuveanul.ro\/stiri\/wp-json\/wp\/v2\/posts\/94411\/revisions"}],"wp:attachment":[{"href":"https:\/\/www.giurgiuveanul.ro\/stiri\/wp-json\/wp\/v2\/media?parent=94411"}],"wp:term":[{"taxonomy":"category","embeddable":true,"href":"https:\/\/www.giurgiuveanul.ro\/stiri\/wp-json\/wp\/v2\/categories?post=94411"},{"taxonomy":"post_tag","embeddable":true,"href":"https:\/\/www.giurgiuveanul.ro\/stiri\/wp-json\/wp\/v2\/tags?post=94411"}],"curies":[{"name":"wp","href":"https:\/\/api.w.org\/{rel}","templated":true}]}}