{"id":94416,"date":"2022-12-25T16:07:55","date_gmt":"2022-12-25T14:07:55","guid":{"rendered":"https:\/\/www.giurgiuveanul.ro\/stiri\/?p=94416"},"modified":"2022-12-25T16:08:10","modified_gmt":"2022-12-25T14:08:10","slug":"primarul-comunei-daia-adrian-florin-serban-mesaj-de-craciun","status":"publish","type":"post","link":"https:\/\/www.giurgiuveanul.ro\/stiri\/primarul-comunei-daia-adrian-florin-serban-mesaj-de-craciun\/","title":{"rendered":"Primarul comunei Daia, Adrian Florin \u015eerban, MESAJ DE CR\u0102CIUN!"},"content":{"rendered":"<p style=\"text-align: justify;\"><a href=\"https:\/\/www.giurgiuveanul.ro\/stiri\/wp-content\/uploads\/2022\/12\/WhatsApp-Image-2022-06-24-at-7.11.39-PM.jpg\"><img loading=\"lazy\" decoding=\"async\" class=\"aligncenter wp-image-94417\" src=\"https:\/\/www.giurgiuveanul.ro\/stiri\/wp-content\/uploads\/2022\/12\/WhatsApp-Image-2022-06-24-at-7.11.39-PM-505x450.jpg\" alt=\"\" width=\"584\" height=\"520\" srcset=\"https:\/\/www.giurgiuveanul.ro\/stiri\/wp-content\/uploads\/2022\/12\/WhatsApp-Image-2022-06-24-at-7.11.39-PM-505x450.jpg 505w, https:\/\/www.giurgiuveanul.ro\/stiri\/wp-content\/uploads\/2022\/12\/WhatsApp-Image-2022-06-24-at-7.11.39-PM-250x223.jpg 250w, https:\/\/www.giurgiuveanul.ro\/stiri\/wp-content\/uploads\/2022\/12\/WhatsApp-Image-2022-06-24-at-7.11.39-PM-768x684.jpg 768w, https:\/\/www.giurgiuveanul.ro\/stiri\/wp-content\/uploads\/2022\/12\/WhatsApp-Image-2022-06-24-at-7.11.39-PM-1536x1369.jpg 1536w, https:\/\/www.giurgiuveanul.ro\/stiri\/wp-content\/uploads\/2022\/12\/WhatsApp-Image-2022-06-24-at-7.11.39-PM-400x356.jpg 400w, https:\/\/www.giurgiuveanul.ro\/stiri\/wp-content\/uploads\/2022\/12\/WhatsApp-Image-2022-06-24-at-7.11.39-PM.jpg 2000w\" sizes=\"auto, (max-width: 584px) 100vw, 584px\" \/><\/a>V\u0103 doresc s\u0103 ave\u0163i parte de<!--more--> lini\u015fte \u015fi s\u0103n\u0103tate al\u0103turi de cei dragi. Na\u015fterea M\u00e2ntuitorului Iisus Hristos s\u0103 v\u0103 bucure sufletul \u015fi s\u0103 v\u0103 aduc\u0103 bel\u015fug \u015fi voie bun\u0103 \u00een case!<\/p>\n<p style=\"text-align: justify;\">Nasterea Domnului s\u0103 ne fac\u0103 mai buni, mai \u00een\u0163elep\u0163i \u015fi s\u0103 ne aduc\u0103 multe bucurii. V\u0103 doresc un 2023 bogat \u00een \u00eempliniri \u015fi cu multe realiz\u0103ri.<\/p>\n<p style=\"text-align: justify;\">Cr\u0103ciun Fericit!<\/p>\n<p style=\"text-align: center;\">Adrian Florin \u015eerban,<\/p>\n<p style=\"text-align: center;\"><strong>Primarul comunei Daia<\/strong><\/p>\n","protected":false},"excerpt":{"rendered":"<p>V\u0103 doresc s\u0103 ave\u0163i parte de<\/p>\n","protected":false},"author":1,"featured_media":0,"comment_status":"open","ping_status":"open","sticky":false,"template":"","format":"standard","meta":{"footnotes":""},"categories":[6],"tags":[],"class_list":["post-94416","post","type-post","status-publish","format-standard","hentry","category-breaking-news"],"_links":{"self":[{"href":"https:\/\/www.giurgiuveanul.ro\/stiri\/wp-json\/wp\/v2\/posts\/94416","targetHints":{"allow":["GET"]}}],"collection":[{"href":"https:\/\/www.giurgiuveanul.ro\/stiri\/wp-json\/wp\/v2\/posts"}],"about":[{"href":"https:\/\/www.giurgiuveanul.ro\/stiri\/wp-json\/wp\/v2\/types\/post"}],"author":[{"embeddable":true,"href":"https:\/\/www.giurgiuveanul.ro\/stiri\/wp-json\/wp\/v2\/users\/1"}],"replies":[{"embeddable":true,"href":"https:\/\/www.giurgiuveanul.ro\/stiri\/wp-json\/wp\/v2\/comments?post=94416"}],"version-history":[{"count":0,"href":"https:\/\/www.giurgiuveanul.ro\/stiri\/wp-json\/wp\/v2\/posts\/94416\/revisions"}],"wp:attachment":[{"href":"https:\/\/www.giurgiuveanul.ro\/stiri\/wp-json\/wp\/v2\/media?parent=94416"}],"wp:term":[{"taxonomy":"category","embeddable":true,"href":"https:\/\/www.giurgiuveanul.ro\/stiri\/wp-json\/wp\/v2\/categories?post=94416"},{"taxonomy":"post_tag","embeddable":true,"href":"https:\/\/www.giurgiuveanul.ro\/stiri\/wp-json\/wp\/v2\/tags?post=94416"}],"curies":[{"name":"wp","href":"https:\/\/api.w.org\/{rel}","templated":true}]}}