{"id":94420,"date":"2022-12-25T16:29:33","date_gmt":"2022-12-25T14:29:33","guid":{"rendered":"https:\/\/www.giurgiuveanul.ro\/stiri\/?p=94420"},"modified":"2022-12-25T16:29:48","modified_gmt":"2022-12-25T14:29:48","slug":"primarul-comunei-putineiu-gheorghe-breazu-mesaj-de-craciun","status":"publish","type":"post","link":"https:\/\/www.giurgiuveanul.ro\/stiri\/primarul-comunei-putineiu-gheorghe-breazu-mesaj-de-craciun\/","title":{"rendered":"Primarul comunei Putineiu, Gheorghe Breazu, MESAJ DE CR\u0102CIUN!"},"content":{"rendered":"<p style=\"text-align: justify;\"><a href=\"https:\/\/www.giurgiuveanul.ro\/stiri\/wp-content\/uploads\/2022\/12\/118775648_101875794995082_5186801928843653969_n.jpg\"><img loading=\"lazy\" decoding=\"async\" class=\"aligncenter wp-image-94421\" src=\"https:\/\/www.giurgiuveanul.ro\/stiri\/wp-content\/uploads\/2022\/12\/118775648_101875794995082_5186801928843653969_n-456x450.jpg\" alt=\"\" width=\"570\" height=\"563\" srcset=\"https:\/\/www.giurgiuveanul.ro\/stiri\/wp-content\/uploads\/2022\/12\/118775648_101875794995082_5186801928843653969_n-456x450.jpg 456w, https:\/\/www.giurgiuveanul.ro\/stiri\/wp-content\/uploads\/2022\/12\/118775648_101875794995082_5186801928843653969_n-250x247.jpg 250w, https:\/\/www.giurgiuveanul.ro\/stiri\/wp-content\/uploads\/2022\/12\/118775648_101875794995082_5186801928843653969_n-768x758.jpg 768w, https:\/\/www.giurgiuveanul.ro\/stiri\/wp-content\/uploads\/2022\/12\/118775648_101875794995082_5186801928843653969_n-400x395.jpg 400w, https:\/\/www.giurgiuveanul.ro\/stiri\/wp-content\/uploads\/2022\/12\/118775648_101875794995082_5186801928843653969_n.jpg 1185w\" sizes=\"auto, (max-width: 570px) 100vw, 570px\" \/><\/a>S\u0103rb\u0103toarea Na\u015fterii Domnului<!--more--> s\u0103 aduc\u0103 s\u0103n\u0103tate \u0219i fericire locuitorilor comunei Putineiu \u015fi tuturor giurgiuvenilor.<\/p>\n<p style=\"text-align: justify;\">Cu prilejul acestor s\u0103rb\u0103tori binecuv\u00e2ntate, v\u0103 doresc fericire al\u0103turi de cei dragi, \u00eemp\u0103care, bun\u0103stare \u0219i lini\u0219te.<\/p>\n<p style=\"text-align: justify;\">Cr\u0103ciun Fericit!<\/p>\n<p style=\"text-align: center;\">Gheorghe Breazu,<\/p>\n<p style=\"text-align: center;\"><strong>Primarul comunei Putineiu<\/strong><\/p>\n","protected":false},"excerpt":{"rendered":"<p>S\u0103rb\u0103toarea Na\u015fterii Domnului<\/p>\n","protected":false},"author":1,"featured_media":0,"comment_status":"open","ping_status":"open","sticky":false,"template":"","format":"standard","meta":{"footnotes":""},"categories":[6],"tags":[],"class_list":["post-94420","post","type-post","status-publish","format-standard","hentry","category-breaking-news"],"_links":{"self":[{"href":"https:\/\/www.giurgiuveanul.ro\/stiri\/wp-json\/wp\/v2\/posts\/94420","targetHints":{"allow":["GET"]}}],"collection":[{"href":"https:\/\/www.giurgiuveanul.ro\/stiri\/wp-json\/wp\/v2\/posts"}],"about":[{"href":"https:\/\/www.giurgiuveanul.ro\/stiri\/wp-json\/wp\/v2\/types\/post"}],"author":[{"embeddable":true,"href":"https:\/\/www.giurgiuveanul.ro\/stiri\/wp-json\/wp\/v2\/users\/1"}],"replies":[{"embeddable":true,"href":"https:\/\/www.giurgiuveanul.ro\/stiri\/wp-json\/wp\/v2\/comments?post=94420"}],"version-history":[{"count":0,"href":"https:\/\/www.giurgiuveanul.ro\/stiri\/wp-json\/wp\/v2\/posts\/94420\/revisions"}],"wp:attachment":[{"href":"https:\/\/www.giurgiuveanul.ro\/stiri\/wp-json\/wp\/v2\/media?parent=94420"}],"wp:term":[{"taxonomy":"category","embeddable":true,"href":"https:\/\/www.giurgiuveanul.ro\/stiri\/wp-json\/wp\/v2\/categories?post=94420"},{"taxonomy":"post_tag","embeddable":true,"href":"https:\/\/www.giurgiuveanul.ro\/stiri\/wp-json\/wp\/v2\/tags?post=94420"}],"curies":[{"name":"wp","href":"https:\/\/api.w.org\/{rel}","templated":true}]}}