{"id":94424,"date":"2022-12-25T21:50:03","date_gmt":"2022-12-25T19:50:03","guid":{"rendered":"https:\/\/www.giurgiuveanul.ro\/stiri\/?p=94424"},"modified":"2022-12-26T12:54:24","modified_gmt":"2022-12-26T10:54:24","slug":"senatorul-robert-cazanciuc-mesaj-de-craciun","status":"publish","type":"post","link":"https:\/\/www.giurgiuveanul.ro\/stiri\/senatorul-robert-cazanciuc-mesaj-de-craciun\/","title":{"rendered":"Senatorul Robert Cazanciuc, MESAJ DE CR\u0102CIUN!"},"content":{"rendered":"<p style=\"text-align: justify;\"><em><a href=\"https:\/\/www.giurgiuveanul.ro\/stiri\/wp-content\/uploads\/2022\/12\/senator-Cazanciuc-Robert.jpg\"><img loading=\"lazy\" decoding=\"async\" class=\"aligncenter wp-image-94425\" src=\"https:\/\/www.giurgiuveanul.ro\/stiri\/wp-content\/uploads\/2022\/12\/senator-Cazanciuc-Robert-493x450.jpg\" alt=\"\" width=\"576\" height=\"526\" srcset=\"https:\/\/www.giurgiuveanul.ro\/stiri\/wp-content\/uploads\/2022\/12\/senator-Cazanciuc-Robert-493x450.jpg 493w, https:\/\/www.giurgiuveanul.ro\/stiri\/wp-content\/uploads\/2022\/12\/senator-Cazanciuc-Robert-250x228.jpg 250w, https:\/\/www.giurgiuveanul.ro\/stiri\/wp-content\/uploads\/2022\/12\/senator-Cazanciuc-Robert-768x701.jpg 768w, https:\/\/www.giurgiuveanul.ro\/stiri\/wp-content\/uploads\/2022\/12\/senator-Cazanciuc-Robert-1536x1402.jpg 1536w, https:\/\/www.giurgiuveanul.ro\/stiri\/wp-content\/uploads\/2022\/12\/senator-Cazanciuc-Robert-400x365.jpg 400w, https:\/\/www.giurgiuveanul.ro\/stiri\/wp-content\/uploads\/2022\/12\/senator-Cazanciuc-Robert.jpg 2000w\" sizes=\"auto, (max-width: 576px) 100vw, 576px\" \/><\/a>Dragi giurgiuveni,<\/em><\/p>\n<p style=\"text-align: justify;\">M-a\u0219 bucura s\u0103 \u0219tiu c\u0103<!--more--> acest sf\u00e2r\u0219it de an v\u0103 g\u0103se\u0219te s\u0103n\u0103to\u0219i \u0219i \u00een putere, bucuro\u0219i \u0219i cu multe dorin\u021be \u00eemplinite, \u00een c\u0103minele voastre, \u00een familie sau al\u0103turi de cei dragi.<\/p>\n<p style=\"text-align: justify;\">\u0218tim cu to\u021bii c\u0103 a fost un an greu pentru to\u021bi rom\u00e2nii, dar mi-ar pl\u0103cea s\u0103 ave\u021bi, de Cr\u0103ciun, casele pline de veselie, de c\u0103ldur\u0103 sufleteasc\u0103, de dragoste \u0219i fericire, iar anul care vine s\u0103 v\u0103 g\u0103seasc\u0103 s\u0103n\u0103to\u0219i \u0219i plini de speran\u021b\u0103 \u0219i de credin\u021b\u0103, cu ajutorul c\u0103rora s\u0103 trece\u021bi cu bine \u0219i u\u0219or peste greut\u0103\u021bi, de orice fel ar fi ele.<\/p>\n<p style=\"text-align: justify;\">\u00cemi doresc pentru giurgiuveni ceea ce a\u0219 vrea eu s\u0103 tr\u0103iesc de s\u0103rb\u0103tori: zile lini\u0219tite petrecute \u00eempreun\u0103 cu familia \u0219i prietenii apropia\u021bi, cu dep\u0103nare de amintiri, cu planuri pentru un viitor \u00een care s\u0103 avem grij\u0103 \u0219i de s\u0103n\u0103tate pentru ca astfel s\u0103 avem puterea s\u0103 construim un viitor frumos \u0219i sigur copiilor no\u0219tri.<\/p>\n<p style=\"text-align: justify;\">La mul\u021bi ani! Cr\u0103ciun lini\u0219tit \u0219i fericit!<\/p>\n<p style=\"text-align: center;\">Robert Cazanciuc,<\/p>\n<p style=\"text-align: center;\"><strong>Senator PSD de Giurgiu<\/strong><\/p>\n","protected":false},"excerpt":{"rendered":"<p>Dragi giurgiuveni, M-a\u0219 bucura s\u0103 \u0219tiu c\u0103<\/p>\n","protected":false},"author":1,"featured_media":0,"comment_status":"open","ping_status":"open","sticky":false,"template":"","format":"standard","meta":{"footnotes":""},"categories":[6],"tags":[],"class_list":["post-94424","post","type-post","status-publish","format-standard","hentry","category-breaking-news"],"_links":{"self":[{"href":"https:\/\/www.giurgiuveanul.ro\/stiri\/wp-json\/wp\/v2\/posts\/94424","targetHints":{"allow":["GET"]}}],"collection":[{"href":"https:\/\/www.giurgiuveanul.ro\/stiri\/wp-json\/wp\/v2\/posts"}],"about":[{"href":"https:\/\/www.giurgiuveanul.ro\/stiri\/wp-json\/wp\/v2\/types\/post"}],"author":[{"embeddable":true,"href":"https:\/\/www.giurgiuveanul.ro\/stiri\/wp-json\/wp\/v2\/users\/1"}],"replies":[{"embeddable":true,"href":"https:\/\/www.giurgiuveanul.ro\/stiri\/wp-json\/wp\/v2\/comments?post=94424"}],"version-history":[{"count":0,"href":"https:\/\/www.giurgiuveanul.ro\/stiri\/wp-json\/wp\/v2\/posts\/94424\/revisions"}],"wp:attachment":[{"href":"https:\/\/www.giurgiuveanul.ro\/stiri\/wp-json\/wp\/v2\/media?parent=94424"}],"wp:term":[{"taxonomy":"category","embeddable":true,"href":"https:\/\/www.giurgiuveanul.ro\/stiri\/wp-json\/wp\/v2\/categories?post=94424"},{"taxonomy":"post_tag","embeddable":true,"href":"https:\/\/www.giurgiuveanul.ro\/stiri\/wp-json\/wp\/v2\/tags?post=94424"}],"curies":[{"name":"wp","href":"https:\/\/api.w.org\/{rel}","templated":true}]}}