{"id":94429,"date":"2022-12-26T13:59:29","date_gmt":"2022-12-26T11:59:29","guid":{"rendered":"https:\/\/www.giurgiuveanul.ro\/stiri\/?p=94429"},"modified":"2022-12-26T13:59:29","modified_gmt":"2022-12-26T11:59:29","slug":"inca-un-tanar-depistat-in-trafic-pe-strada-maresal-foch-sub-influenta-drogurilor","status":"publish","type":"post","link":"https:\/\/www.giurgiuveanul.ro\/stiri\/inca-un-tanar-depistat-in-trafic-pe-strada-maresal-foch-sub-influenta-drogurilor\/","title":{"rendered":"\u00cenc\u0103 un t\u0103n\u0103r depistat \u00een trafic, pe strada Mare\u015fal Foch, sub influen\u0163a drogurilor"},"content":{"rendered":"<p style=\"text-align: justify;\"><a href=\"https:\/\/www.giurgiuveanul.ro\/stiri\/wp-content\/uploads\/2022\/12\/IMG_8719.jpg\"><img loading=\"lazy\" decoding=\"async\" class=\"aligncenter  wp-image-94430\" src=\"https:\/\/www.giurgiuveanul.ro\/stiri\/wp-content\/uploads\/2022\/12\/IMG_8719-560x350.jpg\" alt=\"\" width=\"575\" height=\"359\" srcset=\"https:\/\/www.giurgiuveanul.ro\/stiri\/wp-content\/uploads\/2022\/12\/IMG_8719-560x350.jpg 560w, https:\/\/www.giurgiuveanul.ro\/stiri\/wp-content\/uploads\/2022\/12\/IMG_8719-250x156.jpg 250w, https:\/\/www.giurgiuveanul.ro\/stiri\/wp-content\/uploads\/2022\/12\/IMG_8719-768x480.jpg 768w, https:\/\/www.giurgiuveanul.ro\/stiri\/wp-content\/uploads\/2022\/12\/IMG_8719-400x250.jpg 400w, https:\/\/www.giurgiuveanul.ro\/stiri\/wp-content\/uploads\/2022\/12\/IMG_8719.jpg 800w\" sizes=\"auto, (max-width: 575px) 100vw, 575px\" \/><\/a>Poli\u021bi\u0219tii giurgiuveni au depistat, pe strada Mare\u0219al Foch, din municipiul Giurgiu, un t\u00e2n\u0103r,<!--more--> de 19 ani, din municipiul Bucure\u0219ti, \u00een timp ce conducea un autoturism, afl\u00e2ndu-se sub influen\u021ba substan\u021belor psihoactive, potrivit IPJ Giurgiu.<\/p>\n<p style=\"text-align: justify;\">\n<p style=\"text-align: justify;\">Conduc\u0103torul auto a\u00a0fost testat cu aparatul drugtest, care a indicat valoarea pozitiv\u0103 la substan\u021ba opium, acesta fiind condus la spital, pentru recoltarea probelor biologice, \u00een vederea stabilirii prezen\u021bei \u00een organism a substan\u021belor psihoactive.<\/p>\n<p style=\"text-align: justify;\">\n<p style=\"text-align: justify;\"><em>Cercet\u0103rile sunt continuate \u00eentr-un dosar penal deschis pe numele t\u00e2n\u0103rului \u00een spe\u0163\u0103.<\/em><\/p>\n","protected":false},"excerpt":{"rendered":"<p>Poli\u021bi\u0219tii giurgiuveni au depistat, pe strada Mare\u0219al Foch, din municipiul Giurgiu, un t\u00e2n\u0103r,<\/p>\n","protected":false},"author":1,"featured_media":0,"comment_status":"open","ping_status":"open","sticky":false,"template":"","format":"standard","meta":{"footnotes":""},"categories":[6],"tags":[],"class_list":["post-94429","post","type-post","status-publish","format-standard","hentry","category-breaking-news"],"_links":{"self":[{"href":"https:\/\/www.giurgiuveanul.ro\/stiri\/wp-json\/wp\/v2\/posts\/94429","targetHints":{"allow":["GET"]}}],"collection":[{"href":"https:\/\/www.giurgiuveanul.ro\/stiri\/wp-json\/wp\/v2\/posts"}],"about":[{"href":"https:\/\/www.giurgiuveanul.ro\/stiri\/wp-json\/wp\/v2\/types\/post"}],"author":[{"embeddable":true,"href":"https:\/\/www.giurgiuveanul.ro\/stiri\/wp-json\/wp\/v2\/users\/1"}],"replies":[{"embeddable":true,"href":"https:\/\/www.giurgiuveanul.ro\/stiri\/wp-json\/wp\/v2\/comments?post=94429"}],"version-history":[{"count":0,"href":"https:\/\/www.giurgiuveanul.ro\/stiri\/wp-json\/wp\/v2\/posts\/94429\/revisions"}],"wp:attachment":[{"href":"https:\/\/www.giurgiuveanul.ro\/stiri\/wp-json\/wp\/v2\/media?parent=94429"}],"wp:term":[{"taxonomy":"category","embeddable":true,"href":"https:\/\/www.giurgiuveanul.ro\/stiri\/wp-json\/wp\/v2\/categories?post=94429"},{"taxonomy":"post_tag","embeddable":true,"href":"https:\/\/www.giurgiuveanul.ro\/stiri\/wp-json\/wp\/v2\/tags?post=94429"}],"curies":[{"name":"wp","href":"https:\/\/api.w.org\/{rel}","templated":true}]}}