{"id":94440,"date":"2022-12-27T18:05:36","date_gmt":"2022-12-27T16:05:36","guid":{"rendered":"https:\/\/www.giurgiuveanul.ro\/stiri\/?p=94440"},"modified":"2022-12-27T18:05:36","modified_gmt":"2022-12-27T16:05:36","slug":"giurgiuvean-arestat-pentru-violare-de-domiciliu-si-lovirea-sau-alte-violente","status":"publish","type":"post","link":"https:\/\/www.giurgiuveanul.ro\/stiri\/giurgiuvean-arestat-pentru-violare-de-domiciliu-si-lovirea-sau-alte-violente\/","title":{"rendered":"Giurgiuvean arestat pentru violare de domiciliu \u0219i lovirea sau alte violen\u021be"},"content":{"rendered":"<p style=\"text-align: justify;\"><a href=\"https:\/\/www.giurgiuveanul.ro\/stiri\/wp-content\/uploads\/2022\/09\/NDAmaGFzaD1hOWJiMGFiMmU5MGM5NDIzM2FjNzY0YmE0ODE5Y2M3MQ.thumb_.jpg\"><img loading=\"lazy\" decoding=\"async\" class=\"aligncenter  wp-image-92474\" src=\"https:\/\/www.giurgiuveanul.ro\/stiri\/wp-content\/uploads\/2022\/09\/NDAmaGFzaD1hOWJiMGFiMmU5MGM5NDIzM2FjNzY0YmE0ODE5Y2M3MQ.thumb_-560x316.jpg\" alt=\"\" width=\"576\" height=\"325\" srcset=\"https:\/\/www.giurgiuveanul.ro\/stiri\/wp-content\/uploads\/2022\/09\/NDAmaGFzaD1hOWJiMGFiMmU5MGM5NDIzM2FjNzY0YmE0ODE5Y2M3MQ.thumb_-560x316.jpg 560w, https:\/\/www.giurgiuveanul.ro\/stiri\/wp-content\/uploads\/2022\/09\/NDAmaGFzaD1hOWJiMGFiMmU5MGM5NDIzM2FjNzY0YmE0ODE5Y2M3MQ.thumb_-250x141.jpg 250w, https:\/\/www.giurgiuveanul.ro\/stiri\/wp-content\/uploads\/2022\/09\/NDAmaGFzaD1hOWJiMGFiMmU5MGM5NDIzM2FjNzY0YmE0ODE5Y2M3MQ.thumb_-768x433.jpg 768w, https:\/\/www.giurgiuveanul.ro\/stiri\/wp-content\/uploads\/2022\/09\/NDAmaGFzaD1hOWJiMGFiMmU5MGM5NDIzM2FjNzY0YmE0ODE5Y2M3MQ.thumb_-400x226.jpg 400w, https:\/\/www.giurgiuveanul.ro\/stiri\/wp-content\/uploads\/2022\/09\/NDAmaGFzaD1hOWJiMGFiMmU5MGM5NDIzM2FjNzY0YmE0ODE5Y2M3MQ.thumb_.jpg 780w\" sizes=\"auto, (max-width: 576px) 100vw, 576px\" \/><\/a>Poli\u021bi\u0219tii<!--more--> Sec\u021biei nr.6 Poli\u021bie Rural\u0103 Mih\u0103ile\u0219ti au fost sesiza\u021bi, la data de 24 decembrie a.c., ora 15.40, \u00a0prin apel 112, de c\u0103tre un b\u0103rbat, din localitatea Podu Doamnei, cu privire la faptul c\u0103 vecinul s\u0103u a fost agresat fizic.<\/p>\n<p style=\"text-align: justify;\">\u00cen temeiul sesiz\u0103rii, la fa\u021ba locului s-au deplasat poli\u021bi\u0219tii, iar, din primele cercet\u0103ri, a reie\u0219it faptul c\u0103, la data de 24 decembrie a.c., ora 15.30, un b\u0103rbat, de 43 de ani, ar fi p\u0103truns f\u0103r\u0103 drept, \u00een curtea locuin\u021bei unui alt b\u0103rbat, de 37 de ani.<\/p>\n<p style=\"text-align: justify;\">B\u0103rbatul \u00een cauz\u0103 ar fi lovit \u00een repetate r\u00e2nduri, \u00een zona capului \u0219i a fe\u021bei, at\u00e2t pe b\u0103rbatul de 37 de ani, c\u00e2t \u0219i pe mama acestuia, o femeie, de 73 de ani.<\/p>\n<p style=\"text-align: justify;\">\u00cen urma cercet\u0103rilor efectuate \u0219i a probatoriului administrat \u00een cauz\u0103, sub coordonarea procurorului din cadrul Parchetului de pe l\u00e2ng\u0103 Judec\u0103toria Bolintin-Vale, b\u0103rbatul b\u0103nuit de s\u0103v\u00e2r\u0219irea infrac\u021biunilor de violare de domiciliu \u0219i lovire sau alte violen\u021be a fost retinut, pentru 24 de ore.<\/p>\n<p style=\"text-align: justify;\">Pe data de 26 decembrie a.c., acesta a fost prezentat instan\u021bei de judecat\u0103, primind manadat de arestare pe un termen de 30 de zile.<\/p>\n","protected":false},"excerpt":{"rendered":"<p>Poli\u021bi\u0219tii<\/p>\n","protected":false},"author":1,"featured_media":0,"comment_status":"open","ping_status":"open","sticky":false,"template":"","format":"standard","meta":{"footnotes":""},"categories":[6],"tags":[],"class_list":["post-94440","post","type-post","status-publish","format-standard","hentry","category-breaking-news"],"_links":{"self":[{"href":"https:\/\/www.giurgiuveanul.ro\/stiri\/wp-json\/wp\/v2\/posts\/94440","targetHints":{"allow":["GET"]}}],"collection":[{"href":"https:\/\/www.giurgiuveanul.ro\/stiri\/wp-json\/wp\/v2\/posts"}],"about":[{"href":"https:\/\/www.giurgiuveanul.ro\/stiri\/wp-json\/wp\/v2\/types\/post"}],"author":[{"embeddable":true,"href":"https:\/\/www.giurgiuveanul.ro\/stiri\/wp-json\/wp\/v2\/users\/1"}],"replies":[{"embeddable":true,"href":"https:\/\/www.giurgiuveanul.ro\/stiri\/wp-json\/wp\/v2\/comments?post=94440"}],"version-history":[{"count":0,"href":"https:\/\/www.giurgiuveanul.ro\/stiri\/wp-json\/wp\/v2\/posts\/94440\/revisions"}],"wp:attachment":[{"href":"https:\/\/www.giurgiuveanul.ro\/stiri\/wp-json\/wp\/v2\/media?parent=94440"}],"wp:term":[{"taxonomy":"category","embeddable":true,"href":"https:\/\/www.giurgiuveanul.ro\/stiri\/wp-json\/wp\/v2\/categories?post=94440"},{"taxonomy":"post_tag","embeddable":true,"href":"https:\/\/www.giurgiuveanul.ro\/stiri\/wp-json\/wp\/v2\/tags?post=94440"}],"curies":[{"name":"wp","href":"https:\/\/api.w.org\/{rel}","templated":true}]}}