{"id":94459,"date":"2022-12-28T17:37:06","date_gmt":"2022-12-28T15:37:06","guid":{"rendered":"https:\/\/www.giurgiuveanul.ro\/stiri\/?p=94459"},"modified":"2022-12-28T17:37:06","modified_gmt":"2022-12-28T15:37:06","slug":"pe-7-ianuarie-2023-petrecere-de-sfantul-ion-la-ponton","status":"publish","type":"post","link":"https:\/\/www.giurgiuveanul.ro\/stiri\/pe-7-ianuarie-2023-petrecere-de-sfantul-ion-la-ponton\/","title":{"rendered":"Pe 7 ianuarie 2023, petrecere de Sf\u00e2ntul Ion&#8230; \u201eLa Ponton\u201d!"},"content":{"rendered":"<p><a href=\"https:\/\/www.giurgiuveanul.ro\/stiri\/wp-content\/uploads\/2022\/12\/WhatsApp-Image-2022-12-22-at-10.16.31.jpeg\"><img loading=\"lazy\" decoding=\"async\" class=\"aligncenter  wp-image-94460\" src=\"https:\/\/www.giurgiuveanul.ro\/stiri\/wp-content\/uploads\/2022\/12\/WhatsApp-Image-2022-12-22-at-10.16.31-482x450.jpeg\" alt=\"\" width=\"587\" height=\"548\" srcset=\"https:\/\/www.giurgiuveanul.ro\/stiri\/wp-content\/uploads\/2022\/12\/WhatsApp-Image-2022-12-22-at-10.16.31-482x450.jpeg 482w, https:\/\/www.giurgiuveanul.ro\/stiri\/wp-content\/uploads\/2022\/12\/WhatsApp-Image-2022-12-22-at-10.16.31-250x234.jpeg 250w, https:\/\/www.giurgiuveanul.ro\/stiri\/wp-content\/uploads\/2022\/12\/WhatsApp-Image-2022-12-22-at-10.16.31-400x374.jpeg 400w, https:\/\/www.giurgiuveanul.ro\/stiri\/wp-content\/uploads\/2022\/12\/WhatsApp-Image-2022-12-22-at-10.16.31.jpeg 642w\" sizes=\"auto, (max-width: 587px) 100vw, 587px\" \/><\/a>Restaurantul \u201eLa Ponton\u201d, din Portul Giurgiu, v\u0103 a\u015fteapt\u0103 pe 7 ianuarie 2023, \u00eencep\u00e2nd cu ora<!--more--> 18:00, la o petrecere de Sf\u00e2ntul Ion, cu preparate noi \u00een meniu!<\/p>\n<p><strong>Invitat special Liliana Mitrana<\/strong>, o cunoscut\u0103 solist\u0103 de muzic\u0103 de petrecere.<\/p>\n<p>Rezerv\u0103ri la <strong>telefon 0761.055.287.<\/strong><\/p>\n<p><strong>Intrarea este liber\u0103.<\/strong><\/p>\n","protected":false},"excerpt":{"rendered":"<p>Restaurantul \u201eLa Ponton\u201d, din Portul Giurgiu, v\u0103 a\u015fteapt\u0103 pe 7 ianuarie 2023, \u00eencep\u00e2nd cu ora<\/p>\n","protected":false},"author":1,"featured_media":0,"comment_status":"open","ping_status":"open","sticky":false,"template":"","format":"standard","meta":{"footnotes":""},"categories":[6],"tags":[],"class_list":["post-94459","post","type-post","status-publish","format-standard","hentry","category-breaking-news"],"_links":{"self":[{"href":"https:\/\/www.giurgiuveanul.ro\/stiri\/wp-json\/wp\/v2\/posts\/94459","targetHints":{"allow":["GET"]}}],"collection":[{"href":"https:\/\/www.giurgiuveanul.ro\/stiri\/wp-json\/wp\/v2\/posts"}],"about":[{"href":"https:\/\/www.giurgiuveanul.ro\/stiri\/wp-json\/wp\/v2\/types\/post"}],"author":[{"embeddable":true,"href":"https:\/\/www.giurgiuveanul.ro\/stiri\/wp-json\/wp\/v2\/users\/1"}],"replies":[{"embeddable":true,"href":"https:\/\/www.giurgiuveanul.ro\/stiri\/wp-json\/wp\/v2\/comments?post=94459"}],"version-history":[{"count":0,"href":"https:\/\/www.giurgiuveanul.ro\/stiri\/wp-json\/wp\/v2\/posts\/94459\/revisions"}],"wp:attachment":[{"href":"https:\/\/www.giurgiuveanul.ro\/stiri\/wp-json\/wp\/v2\/media?parent=94459"}],"wp:term":[{"taxonomy":"category","embeddable":true,"href":"https:\/\/www.giurgiuveanul.ro\/stiri\/wp-json\/wp\/v2\/categories?post=94459"},{"taxonomy":"post_tag","embeddable":true,"href":"https:\/\/www.giurgiuveanul.ro\/stiri\/wp-json\/wp\/v2\/tags?post=94459"}],"curies":[{"name":"wp","href":"https:\/\/api.w.org\/{rel}","templated":true}]}}