{"id":94483,"date":"2022-12-29T16:45:45","date_gmt":"2022-12-29T14:45:45","guid":{"rendered":"https:\/\/www.giurgiuveanul.ro\/stiri\/?p=94483"},"modified":"2022-12-29T16:46:01","modified_gmt":"2022-12-29T14:46:01","slug":"primarul-fabian-tirca-vesti-bune-pentru-locuitorii-comunei-oinacu-in-ajun-de-anul-nou","status":"publish","type":"post","link":"https:\/\/www.giurgiuveanul.ro\/stiri\/primarul-fabian-tirca-vesti-bune-pentru-locuitorii-comunei-oinacu-in-ajun-de-anul-nou\/","title":{"rendered":"Primarul Fabian \u0162\u00eerc\u0103, ve\u0219ti bune pentru locuitorii comunei Oinacu, \u00een ajun de Anul Nou!"},"content":{"rendered":"<p style=\"text-align: justify;\"><a href=\"https:\/\/www.giurgiuveanul.ro\/stiri\/wp-content\/uploads\/2022\/12\/fabian-tirca-oinacu.jpg\"><img loading=\"lazy\" decoding=\"async\" class=\"aligncenter wp-image-94484\" src=\"https:\/\/www.giurgiuveanul.ro\/stiri\/wp-content\/uploads\/2022\/12\/fabian-tirca-oinacu-550x450.jpg\" alt=\"\" width=\"586\" height=\"480\" srcset=\"https:\/\/www.giurgiuveanul.ro\/stiri\/wp-content\/uploads\/2022\/12\/fabian-tirca-oinacu-550x450.jpg 550w, https:\/\/www.giurgiuveanul.ro\/stiri\/wp-content\/uploads\/2022\/12\/fabian-tirca-oinacu-250x204.jpg 250w, https:\/\/www.giurgiuveanul.ro\/stiri\/wp-content\/uploads\/2022\/12\/fabian-tirca-oinacu-768x628.jpg 768w, https:\/\/www.giurgiuveanul.ro\/stiri\/wp-content\/uploads\/2022\/12\/fabian-tirca-oinacu-400x327.jpg 400w, https:\/\/www.giurgiuveanul.ro\/stiri\/wp-content\/uploads\/2022\/12\/fabian-tirca-oinacu.jpg 1300w\" sizes=\"auto, (max-width: 586px) 100vw, 586px\" \/><\/a>Via\u021ba locuitorilor comunei Oinacu<!--more--> se \u00eembun\u0103t\u0103\u021be\u0219te considerabil.<\/p>\n<p style=\"text-align: justify;\">\u00cen afara proiectelor deja finalizate, despre care am mai scris, mai sunt alte 16 proiecte propuse spre finan\u021bare, pe diverse programe de finan\u021bare, iar pentru un num\u0103r de zece exist\u0103 deja finan\u021barea aprobat\u0103, <strong>\u00een doar doi ani \u015fi dou\u0103 luni de mandat<\/strong>.<\/p>\n<p style=\"text-align: justify;\">Iat\u0103, dou\u0103 noi ve\u015fti bune, \u00een ajunul Anului Nou, care au adus bucurie administra\u0163iei publice locale: <strong>au fost aprobate proiectele privind iluminatul public \u00een satul Comasca \u015fi cel privind eficientizarea energetic\u0103 a \u015ecolii generale nr.1 Oinacu.<\/strong><\/p>\n<p style=\"text-align: justify;\"><em>Felicit\u0103ri \u015fi mult succes \u00een proiectele viitoare, domnule primar Fabian \u0162\u00eerc\u0103!<\/em><\/p>\n","protected":false},"excerpt":{"rendered":"<p>Via\u021ba locuitorilor comunei Oinacu<\/p>\n","protected":false},"author":1,"featured_media":0,"comment_status":"open","ping_status":"open","sticky":false,"template":"","format":"standard","meta":{"footnotes":""},"categories":[6],"tags":[],"class_list":["post-94483","post","type-post","status-publish","format-standard","hentry","category-breaking-news"],"_links":{"self":[{"href":"https:\/\/www.giurgiuveanul.ro\/stiri\/wp-json\/wp\/v2\/posts\/94483","targetHints":{"allow":["GET"]}}],"collection":[{"href":"https:\/\/www.giurgiuveanul.ro\/stiri\/wp-json\/wp\/v2\/posts"}],"about":[{"href":"https:\/\/www.giurgiuveanul.ro\/stiri\/wp-json\/wp\/v2\/types\/post"}],"author":[{"embeddable":true,"href":"https:\/\/www.giurgiuveanul.ro\/stiri\/wp-json\/wp\/v2\/users\/1"}],"replies":[{"embeddable":true,"href":"https:\/\/www.giurgiuveanul.ro\/stiri\/wp-json\/wp\/v2\/comments?post=94483"}],"version-history":[{"count":0,"href":"https:\/\/www.giurgiuveanul.ro\/stiri\/wp-json\/wp\/v2\/posts\/94483\/revisions"}],"wp:attachment":[{"href":"https:\/\/www.giurgiuveanul.ro\/stiri\/wp-json\/wp\/v2\/media?parent=94483"}],"wp:term":[{"taxonomy":"category","embeddable":true,"href":"https:\/\/www.giurgiuveanul.ro\/stiri\/wp-json\/wp\/v2\/categories?post=94483"},{"taxonomy":"post_tag","embeddable":true,"href":"https:\/\/www.giurgiuveanul.ro\/stiri\/wp-json\/wp\/v2\/tags?post=94483"}],"curies":[{"name":"wp","href":"https:\/\/api.w.org\/{rel}","templated":true}]}}