{"id":94493,"date":"2022-12-30T14:39:20","date_gmt":"2022-12-30T12:39:20","guid":{"rendered":"https:\/\/www.giurgiuveanul.ro\/stiri\/?p=94493"},"modified":"2022-12-30T14:39:20","modified_gmt":"2022-12-30T12:39:20","slug":"mandat-de-arestare-european-pus-in-aplicare-de-politistii-giurgiuveni","status":"publish","type":"post","link":"https:\/\/www.giurgiuveanul.ro\/stiri\/mandat-de-arestare-european-pus-in-aplicare-de-politistii-giurgiuveni\/","title":{"rendered":"Mandat de arestare european, pus \u00een aplicare de poli\u021bi\u0219tii giurgiuveni"},"content":{"rendered":"<p style=\"text-align: justify;\"><strong><a href=\"https:\/\/www.giurgiuveanul.ro\/stiri\/wp-content\/uploads\/2022\/12\/foto2.jpeg\"><img loading=\"lazy\" decoding=\"async\" class=\"aligncenter  wp-image-93831\" src=\"https:\/\/www.giurgiuveanul.ro\/stiri\/wp-content\/uploads\/2022\/12\/foto2-560x420.jpeg\" alt=\"\" width=\"583\" height=\"437\" srcset=\"https:\/\/www.giurgiuveanul.ro\/stiri\/wp-content\/uploads\/2022\/12\/foto2-560x420.jpeg 560w, https:\/\/www.giurgiuveanul.ro\/stiri\/wp-content\/uploads\/2022\/12\/foto2-250x188.jpeg 250w, https:\/\/www.giurgiuveanul.ro\/stiri\/wp-content\/uploads\/2022\/12\/foto2-768x576.jpeg 768w, https:\/\/www.giurgiuveanul.ro\/stiri\/wp-content\/uploads\/2022\/12\/foto2-1536x1152.jpeg 1536w, https:\/\/www.giurgiuveanul.ro\/stiri\/wp-content\/uploads\/2022\/12\/foto2-400x300.jpeg 400w, https:\/\/www.giurgiuveanul.ro\/stiri\/wp-content\/uploads\/2022\/12\/foto2.jpeg 2048w\" sizes=\"auto, (max-width: 583px) 100vw, 583px\" \/><\/a>\u00cen cadrul activit\u0103\u021bilor specifice de control \u00een<!--more--> trafic desf\u0103\u0219urate, pe D.N. 5, \u00een localitatea Daia, la data de 29 decembrie a.c., poli\u021bi\u0219tii din cadrul Serviciului Rutier au efectuat un semnal de oprire pentru un autovehicul, condus de c\u0103tre un b\u0103rbat, de 36 de ani, din localitatea Vit\u0103ne\u0219ti, jude\u021bul Teleorman, informeaz\u0103 IPJ Giurgiu.<\/strong><\/p>\n<p style=\"text-align: justify;\">\n<p style=\"text-align: justify;\">\u00cen urma verific\u0103rilor efectuate, poli\u021bi\u0219tii au constatat faptul c\u0103, b\u0103rbatul avea emis mandat european de arestare, pentru s\u0103v\u00e2r\u0219irea de infrac\u021biuni contra propriet\u0103\u021bii, emis de c\u0103tre o instan\u021b\u0103 de judecat\u0103 din Austria.<\/p>\n<p style=\"text-align: justify;\">\n<p style=\"text-align: justify;\">B\u0103rbatul a fost prezentat Parchetului de pe l\u00e2ng\u0103 Curtea de Apel Bucure\u0219ti, ulterior fiind depus \u00een Centrul de Re\u021binere \u0219i Arestare Preventiv\u0103 Giurgiu, pentru 24 de ore.<\/p>\n","protected":false},"excerpt":{"rendered":"<p>\u00cen cadrul activit\u0103\u021bilor specifice de control \u00een<\/p>\n","protected":false},"author":1,"featured_media":0,"comment_status":"open","ping_status":"open","sticky":false,"template":"","format":"standard","meta":{"footnotes":""},"categories":[6],"tags":[],"class_list":["post-94493","post","type-post","status-publish","format-standard","hentry","category-breaking-news"],"_links":{"self":[{"href":"https:\/\/www.giurgiuveanul.ro\/stiri\/wp-json\/wp\/v2\/posts\/94493","targetHints":{"allow":["GET"]}}],"collection":[{"href":"https:\/\/www.giurgiuveanul.ro\/stiri\/wp-json\/wp\/v2\/posts"}],"about":[{"href":"https:\/\/www.giurgiuveanul.ro\/stiri\/wp-json\/wp\/v2\/types\/post"}],"author":[{"embeddable":true,"href":"https:\/\/www.giurgiuveanul.ro\/stiri\/wp-json\/wp\/v2\/users\/1"}],"replies":[{"embeddable":true,"href":"https:\/\/www.giurgiuveanul.ro\/stiri\/wp-json\/wp\/v2\/comments?post=94493"}],"version-history":[{"count":0,"href":"https:\/\/www.giurgiuveanul.ro\/stiri\/wp-json\/wp\/v2\/posts\/94493\/revisions"}],"wp:attachment":[{"href":"https:\/\/www.giurgiuveanul.ro\/stiri\/wp-json\/wp\/v2\/media?parent=94493"}],"wp:term":[{"taxonomy":"category","embeddable":true,"href":"https:\/\/www.giurgiuveanul.ro\/stiri\/wp-json\/wp\/v2\/categories?post=94493"},{"taxonomy":"post_tag","embeddable":true,"href":"https:\/\/www.giurgiuveanul.ro\/stiri\/wp-json\/wp\/v2\/tags?post=94493"}],"curies":[{"name":"wp","href":"https:\/\/api.w.org\/{rel}","templated":true}]}}