{"id":94495,"date":"2022-12-30T14:52:16","date_gmt":"2022-12-30T12:52:16","guid":{"rendered":"https:\/\/www.giurgiuveanul.ro\/stiri\/?p=94495"},"modified":"2022-12-30T14:52:42","modified_gmt":"2022-12-30T12:52:42","slug":"primaria-municipiului-giurgiu-in-2023-directia-de-impozite-si-taxe-locale-incepe-programul-cu-publicul-din-data-de-9-ianuarie","status":"publish","type":"post","link":"https:\/\/www.giurgiuveanul.ro\/stiri\/primaria-municipiului-giurgiu-in-2023-directia-de-impozite-si-taxe-locale-incepe-programul-cu-publicul-din-data-de-9-ianuarie\/","title":{"rendered":"Prim\u0103ria Municipiului Giurgiu: \u00cen 2023, Direc\u021bia de Impozite \u0219i Taxe Locale \u00eencepe programul cu publicul din data de 9 ianuarie"},"content":{"rendered":"<p style=\"text-align: justify;\"><strong><a href=\"https:\/\/www.giurgiuveanul.ro\/stiri\/wp-content\/uploads\/2022\/12\/Tintea-2.jpg\"><img loading=\"lazy\" decoding=\"async\" class=\"aligncenter wp-image-94496\" src=\"https:\/\/www.giurgiuveanul.ro\/stiri\/wp-content\/uploads\/2022\/12\/Tintea-2-500x450.jpg\" alt=\"\" width=\"582\" height=\"524\" srcset=\"https:\/\/www.giurgiuveanul.ro\/stiri\/wp-content\/uploads\/2022\/12\/Tintea-2-500x450.jpg 500w, https:\/\/www.giurgiuveanul.ro\/stiri\/wp-content\/uploads\/2022\/12\/Tintea-2-250x225.jpg 250w, https:\/\/www.giurgiuveanul.ro\/stiri\/wp-content\/uploads\/2022\/12\/Tintea-2-768x691.jpg 768w, https:\/\/www.giurgiuveanul.ro\/stiri\/wp-content\/uploads\/2022\/12\/Tintea-2-400x360.jpg 400w, https:\/\/www.giurgiuveanul.ro\/stiri\/wp-content\/uploads\/2022\/12\/Tintea-2.jpg 800w\" sizes=\"auto, (max-width: 582px) 100vw, 582px\" \/><\/a>Opera\u021biunea de<!--more--> \u00eenchidere-deschidere de an fiscal este principala cauz\u0103 pentru care Direc\u021bia de Impozite \u0219i Taxe Locale \u00ee\u0219i va deschide por\u021bile pentru contribuabili luni, 9 ianuarie 2023, \u00eencep\u00e2nd cu ora 8.30.<\/strong><\/p>\n<p style=\"text-align: justify;\"><em>\u201dExternalizarea serviciilor fiscale gestionate de aplica\u021biile informatice dau de regul\u0103 b\u0103t\u0103i de cap celor din fiscalitate la fiecare sf\u00e2r\u0219it, respectiv \u00eenceput de an, \u0219i nu dorim nici m\u0103car o secund\u0103 s\u0103 transfer\u0103m aceste probleme c\u0103tre contribuabili! Facem verific\u0103rile necesare, punem \u00een ordine fiecare rol fiscal \u0219i vom deschide casieriile pentru cei care vor s\u0103 pl\u0103teasc\u0103 primii, pe 9 ianuarie!\u201d<\/em> \u2013 a precizat <strong>Lauren\u021biu \u021aintea,<\/strong> directorul DITL Giurgiu.<\/p>\n<p style=\"text-align: justify;\">Angaja\u021bii DITL vor lucra astfel \u00eenc\u0103 din prima zi lucr\u0103toare a lui 2023, \u00eens\u0103 nu cu publicul.<\/p>\n<p style=\"text-align: justify;\">Contribuabilii au la dispozi\u021bie mai multe canale de pl\u0103\u021bi a d\u0103rilor c\u0103tre bugetul local, dintre care amintim terminalele proprii de pl\u0103\u021bi cu cardul bancar, 24 din 24 ore, situate \u00een 5 loca\u021bii din Municipiul Giurgiu, astfel:<\/p>\n<p style=\"text-align: justify;\">\u27a1\ufe0fSediul Prim\u0103riei (intrarea de la starea civil\u0103);<\/p>\n<p style=\"text-align: justify;\">\u27a1\ufe0fSediul DITL din \u0218os. Alexandriei nr.7;<\/p>\n<p style=\"text-align: justify;\">\u27a1\ufe0fAgen\u021bia DITL din Str. Tineretului PT64;<\/p>\n<p style=\"text-align: justify;\">\u27a1\ufe0fCasieria DITL din Pia\u021ba Central\u0103;<\/p>\n<p style=\"text-align: justify;\">\u27a1\ufe0fEviden\u021ba Popula\u021biei din str. 1 Decembrie 1918;<\/p>\n<p style=\"text-align: justify;\">\u27a1\ufe0fAplica\u021bia Avansis Mobile disponibil\u0103 din Google Play \u0219i App Store cu ajutorul c\u0103reia pute\u021bi vedea \u00een timp real ce ave\u021bi de plat\u0103 \u0219i pute\u021bi pl\u0103ti instant par\u021bial sau integral datoriile c\u0103tre bugetul local;<\/p>\n<p style=\"text-align: justify;\">\u27a1\ufe0fPlatforma <a href=\"http:\/\/www.ghiseul.ro\">www.ghiseul.ro<\/a> ;<\/p>\n<p style=\"text-align: justify;\">\u27a1\ufe0fCanalele bancare (detalii necesare pentru plat\u0103 \u0219i lista conturilor pentru toate tipurile de taxe \u0219i impozite fiind disponibil\u0103 pe site-ul DITL, la adresa: <a href=\"https:\/\/ditlgiurgiu.ro\/Informa%C8%9Bii-de\">https:\/\/ditlgiurgiu.ro\/Informa%C8%9Bii-de<\/a>&#8230; \/-Conturi-IBAN);<\/p>\n<p style=\"text-align: justify;\">\u27a1\ufe0fCasieriile DITL situate \u00een \u0218os. Alexandriei, Pia\u021ba Central\u0103 \u0219i Str. Tineretului.<\/p>\n","protected":false},"excerpt":{"rendered":"<p>Opera\u021biunea de<\/p>\n","protected":false},"author":1,"featured_media":0,"comment_status":"open","ping_status":"open","sticky":false,"template":"","format":"standard","meta":{"footnotes":""},"categories":[6],"tags":[],"class_list":["post-94495","post","type-post","status-publish","format-standard","hentry","category-breaking-news"],"_links":{"self":[{"href":"https:\/\/www.giurgiuveanul.ro\/stiri\/wp-json\/wp\/v2\/posts\/94495","targetHints":{"allow":["GET"]}}],"collection":[{"href":"https:\/\/www.giurgiuveanul.ro\/stiri\/wp-json\/wp\/v2\/posts"}],"about":[{"href":"https:\/\/www.giurgiuveanul.ro\/stiri\/wp-json\/wp\/v2\/types\/post"}],"author":[{"embeddable":true,"href":"https:\/\/www.giurgiuveanul.ro\/stiri\/wp-json\/wp\/v2\/users\/1"}],"replies":[{"embeddable":true,"href":"https:\/\/www.giurgiuveanul.ro\/stiri\/wp-json\/wp\/v2\/comments?post=94495"}],"version-history":[{"count":0,"href":"https:\/\/www.giurgiuveanul.ro\/stiri\/wp-json\/wp\/v2\/posts\/94495\/revisions"}],"wp:attachment":[{"href":"https:\/\/www.giurgiuveanul.ro\/stiri\/wp-json\/wp\/v2\/media?parent=94495"}],"wp:term":[{"taxonomy":"category","embeddable":true,"href":"https:\/\/www.giurgiuveanul.ro\/stiri\/wp-json\/wp\/v2\/categories?post=94495"},{"taxonomy":"post_tag","embeddable":true,"href":"https:\/\/www.giurgiuveanul.ro\/stiri\/wp-json\/wp\/v2\/tags?post=94495"}],"curies":[{"name":"wp","href":"https:\/\/api.w.org\/{rel}","templated":true}]}}